{"id":11429,"date":"2025-01-10T20:43:36","date_gmt":"2025-01-10T19:43:36","guid":{"rendered":"https:\/\/agora.xtec.cat\/ie-elcabreres\/?p=11429"},"modified":"2025-01-10T20:43:36","modified_gmt":"2025-01-10T19:43:36","slug":"inici-del-trimestre","status":"publish","type":"post","link":"https:\/\/agora.xtec.cat\/ie-elcabreres\/promocio-2013\/inici-del-trimestre\/","title":{"rendered":"Inici del trimestre"},"content":{"rendered":"<p>Aquest trimestre l\u2019hem comen\u00e7at el dimecres fent Educaci\u00f3 F\u00edsica, amb l\u2019Ia que ens fa atletisme. Primer vam fer sis proves diferents: salt d&#8217;al\u00e7ada, salt de llargada, llan\u00e7ament de martell, velocitat, jabalina i llan\u00e7ament de pes. Despr\u00e9s vam fer relleus tres cops.<br \/>\nDespr\u00e9s del pati vam fer mates. Hav\u00edem de calcular 400.000 anys amb 1,5 km per fer una l\u00ednia del temps. Despr\u00e9s de dinar no hav\u00edem de fer res perqu\u00e8 el dimecres a la tarda marxem a casa.<\/p>\n<p>El dijous vam comen\u00e7ar fent m\u00fasica amb la Mariona. Vam fer dues presentacions i vam buscar informaci\u00f3 del pop rock.<br \/>\nDespr\u00e9s vam fer optatives i a la tarda lliure circulaci\u00f3.<\/p>\n<p>El divendres al demat\u00ed amb els de cinqu\u00e8 vam fer la l\u00ednia del temps des del carrer del Pedr\u00f3 al carrer Osona perqu\u00e8 farem un nou projecte d&#8217;hist\u00f2ria. Hav\u00edem d&#8217;apuntar, l\u2019edat, l\u2019any i el descobriment hist\u00f2ric.<br \/>\nAl cap d\u2019una estona hem corregit la fitxa del divendres. Despr\u00e9s hem fet el deca i, com que era l\u2019aniversari d&#8217;en Mateu, jocs d&#8217;ordinadors.<br \/>\nA la tarda hem fet angl\u00e8s amb en Joel i expressi\u00f3 escrita.<\/p>\n<p style=\"text-align: right\">Article escrit per: Gerard<\/p>\n","protected":false},"excerpt":{"rendered":"<p>Aquest trimestre l\u2019hem comen\u00e7at el dimecres fent Educaci\u00f3 F\u00edsica, amb l\u2019Ia que ens fa atletisme. Primer vam fer sis proves diferents: salt d&#8217;al\u00e7ada, salt de llargada, llan\u00e7ament de martell, velocitat, jabalina i llan\u00e7ament de pes. Despr\u00e9s vam fer relleus tres cops. Despr\u00e9s del pati vam fer mates. Hav\u00edem de calcular 400.000 anys amb 1,5 km [&hellip;]<\/p>\n","protected":false},"author":16,"featured_media":11430,"comment_status":"closed","ping_status":"closed","sticky":false,"template":"","format":"standard","meta":{"_bbp_topic_count":0,"_bbp_reply_count":0,"_bbp_total_topic_count":0,"_bbp_total_reply_count":0,"_bbp_voice_count":0,"_bbp_anonymous_reply_count":0,"_bbp_topic_count_hidden":0,"_bbp_reply_count_hidden":0,"_bbp_forum_subforum_count":0,"site-sidebar-layout":"default","site-content-layout":"","ast-site-content-layout":"","site-content-style":"default","site-sidebar-style":"default","ast-global-header-display":"","ast-banner-title-visibility":"","ast-main-header-display":"","ast-hfb-above-header-display":"","ast-hfb-below-header-display":"","ast-hfb-mobile-header-display":"","site-post-title":"","ast-breadcrumbs-content":"","ast-featured-img":"","footer-sml-layout":"","theme-transparent-header-meta":"","adv-header-id-meta":"","stick-header-meta":"","header-above-stick-meta":"","header-main-stick-meta":"","header-below-stick-meta":"","astra-migrate-meta-layouts":"default","ast-page-background-enabled":"default","ast-page-background-meta":{"desktop":{"background-color":"var(--ast-global-color-4)","background-image":"","background-repeat":"repeat","background-position":"center center","background-size":"auto","background-attachment":"scroll","background-type":"","background-media":"","overlay-type":"","overlay-color":"","overlay-opacity":"","overlay-gradient":""},"tablet":{"background-color":"","background-image":"","background-repeat":"repeat","background-position":"center center","background-size":"auto","background-attachment":"scroll","background-type":"","background-media":"","overlay-type":"","overlay-color":"","overlay-opacity":"","overlay-gradient":""},"mobile":{"background-color":"","background-image":"","background-repeat":"repeat","background-position":"center center","background-size":"auto","background-attachment":"scroll","background-type":"","background-media":"","overlay-type":"","overlay-color":"","overlay-opacity":"","overlay-gradient":""}},"ast-content-background-meta":{"desktop":{"background-color":"var(--ast-global-color-5)","background-image":"","background-repeat":"repeat","background-position":"center center","background-size":"auto","background-attachment":"scroll","background-type":"","background-media":"","overlay-type":"","overlay-color":"","overlay-opacity":"","overlay-gradient":""},"tablet":{"background-color":"var(--ast-global-color-5)","background-image":"","background-repeat":"repeat","background-position":"center center","background-size":"auto","background-attachment":"scroll","background-type":"","background-media":"","overlay-type":"","overlay-color":"","overlay-opacity":"","overlay-gradient":""},"mobile":{"background-color":"var(--ast-global-color-5)","background-image":"","background-repeat":"repeat","background-position":"center center","background-size":"auto","background-attachment":"scroll","background-type":"","background-media":"","overlay-type":"","overlay-color":"","overlay-opacity":"","overlay-gradient":""}},"footnotes":""},"categories":[11],"tags":[],"class_list":["post-11429","post","type-post","status-publish","format-standard","has-post-thumbnail","hentry","category-promocio-2013"],"post_mailing_queue_ids":[],"_links":{"self":[{"href":"https:\/\/agora.xtec.cat\/ie-elcabreres\/wp-json\/wp\/v2\/posts\/11429","targetHints":{"allow":["GET"]}}],"collection":[{"href":"https:\/\/agora.xtec.cat\/ie-elcabreres\/wp-json\/wp\/v2\/posts"}],"about":[{"href":"https:\/\/agora.xtec.cat\/ie-elcabreres\/wp-json\/wp\/v2\/types\/post"}],"author":[{"embeddable":true,"href":"https:\/\/agora.xtec.cat\/ie-elcabreres\/wp-json\/wp\/v2\/users\/16"}],"replies":[{"embeddable":true,"href":"https:\/\/agora.xtec.cat\/ie-elcabreres\/wp-json\/wp\/v2\/comments?post=11429"}],"version-history":[{"count":1,"href":"https:\/\/agora.xtec.cat\/ie-elcabreres\/wp-json\/wp\/v2\/posts\/11429\/revisions"}],"predecessor-version":[{"id":11431,"href":"https:\/\/agora.xtec.cat\/ie-elcabreres\/wp-json\/wp\/v2\/posts\/11429\/revisions\/11431"}],"wp:featuredmedia":[{"embeddable":true,"href":"https:\/\/agora.xtec.cat\/ie-elcabreres\/wp-json\/wp\/v2\/media\/11430"}],"wp:attachment":[{"href":"https:\/\/agora.xtec.cat\/ie-elcabreres\/wp-json\/wp\/v2\/media?parent=11429"}],"wp:term":[{"taxonomy":"category","embeddable":true,"href":"https:\/\/agora.xtec.cat\/ie-elcabreres\/wp-json\/wp\/v2\/categories?post=11429"},{"taxonomy":"post_tag","embeddable":true,"href":"https:\/\/agora.xtec.cat\/ie-elcabreres\/wp-json\/wp\/v2\/tags?post=11429"}],"curies":[{"name":"wp","href":"https:\/\/api.w.org\/{rel}","templated":true}]}}