{"id":11289,"date":"2024-11-22T17:04:57","date_gmt":"2024-11-22T16:04:57","guid":{"rendered":"https:\/\/agora.xtec.cat\/ie-elcabreres\/?p=11289"},"modified":"2024-11-22T17:04:57","modified_gmt":"2024-11-22T16:04:57","slug":"ens-visita-un-expert-en-astronomia","status":"publish","type":"post","link":"https:\/\/agora.xtec.cat\/ie-elcabreres\/promocio-2016\/ens-visita-un-expert-en-astronomia\/","title":{"rendered":"Ens visita un expert en astronomia"},"content":{"rendered":"<p style=\"text-align: justify;\">Aquest mat\u00ed se&#8217;ns ha fet curt. Durant gaireb\u00e9 dues hores, hem tingut la sort de poder gaudir d&#8217;explicacions sobre l&#8217;univers per part d&#8217;un membre de l&#8217;Agrupaci\u00f3 Astron\u00f2mica d&#8217;Osona, en Benjam\u00ed Laencina. Des de la creaci\u00f3 del sistema solar fins als forats negres, hem pogut repassar amb molt detall les singularitats dels diferents astres que roden per sobre nostre. Una classe magistral on ha pogut respondre, tamb\u00e9, molts dubtes de l&#8217;alumnat. Aquesta nit si mireu el cel junts, \u00e9s probable que els petits de casa us puguin explicar alguna an\u00e8cdota ben interessant! El dia 11 de desembre, si el cel ens ho permet, podrem seguir aprenent coses sobre l&#8217;univers. Aix\u00ed que, fins aviat i aprofitem per donar les gr\u00e0cies a en Benjam\u00ed!<\/p>\n<p style=\"text-align: justify;\"><a href=\"https:\/\/agora.xtec.cat\/ie-elcabreres\/wp-content\/uploads\/usu2186\/2024\/11\/WhatsApp-Image-2024-11-22-at-16.49.25.jpeg\"><img loading=\"lazy\" decoding=\"async\" class=\"size-large wp-image-11292 aligncenter\" src=\"https:\/\/agora.xtec.cat\/ie-elcabreres\/wp-content\/uploads\/usu2186\/2024\/11\/WhatsApp-Image-2024-11-22-at-16.49.25-1024x576.jpeg\" alt=\"\" width=\"1024\" height=\"576\" srcset=\"https:\/\/agora.xtec.cat\/ie-elcabreres\/wp-content\/uploads\/usu2186\/2024\/11\/WhatsApp-Image-2024-11-22-at-16.49.25-1024x576.jpeg 1024w, https:\/\/agora.xtec.cat\/ie-elcabreres\/wp-content\/uploads\/usu2186\/2024\/11\/WhatsApp-Image-2024-11-22-at-16.49.25-300x169.jpeg 300w, https:\/\/agora.xtec.cat\/ie-elcabreres\/wp-content\/uploads\/usu2186\/2024\/11\/WhatsApp-Image-2024-11-22-at-16.49.25-768x432.jpeg 768w, https:\/\/agora.xtec.cat\/ie-elcabreres\/wp-content\/uploads\/usu2186\/2024\/11\/WhatsApp-Image-2024-11-22-at-16.49.25-1536x864.jpeg 1536w, https:\/\/agora.xtec.cat\/ie-elcabreres\/wp-content\/uploads\/usu2186\/2024\/11\/WhatsApp-Image-2024-11-22-at-16.49.25.jpeg 2016w\" sizes=\"auto, (max-width: 1024px) 100vw, 1024px\" \/><\/a><\/p>\n<p style=\"text-align: justify;\">\n<p><a href=\"https:\/\/agora.xtec.cat\/ie-elcabreres\/wp-content\/uploads\/usu2186\/2024\/11\/WhatsApp-Image-2024-11-22-at-16.49.25-1.jpeg\"><img loading=\"lazy\" decoding=\"async\" class=\"size-large wp-image-11291 aligncenter\" src=\"https:\/\/agora.xtec.cat\/ie-elcabreres\/wp-content\/uploads\/usu2186\/2024\/11\/WhatsApp-Image-2024-11-22-at-16.49.25-1-1024x576.jpeg\" alt=\"\" width=\"1024\" height=\"576\" srcset=\"https:\/\/agora.xtec.cat\/ie-elcabreres\/wp-content\/uploads\/usu2186\/2024\/11\/WhatsApp-Image-2024-11-22-at-16.49.25-1-1024x576.jpeg 1024w, https:\/\/agora.xtec.cat\/ie-elcabreres\/wp-content\/uploads\/usu2186\/2024\/11\/WhatsApp-Image-2024-11-22-at-16.49.25-1-300x169.jpeg 300w, https:\/\/agora.xtec.cat\/ie-elcabreres\/wp-content\/uploads\/usu2186\/2024\/11\/WhatsApp-Image-2024-11-22-at-16.49.25-1-768x432.jpeg 768w, https:\/\/agora.xtec.cat\/ie-elcabreres\/wp-content\/uploads\/usu2186\/2024\/11\/WhatsApp-Image-2024-11-22-at-16.49.25-1-1536x864.jpeg 1536w, https:\/\/agora.xtec.cat\/ie-elcabreres\/wp-content\/uploads\/usu2186\/2024\/11\/WhatsApp-Image-2024-11-22-at-16.49.25-1.jpeg 2016w\" sizes=\"auto, (max-width: 1024px) 100vw, 1024px\" \/><\/a><\/p>\n<p>&nbsp;<\/p>\n","protected":false},"excerpt":{"rendered":"<p>Aquest mat\u00ed se&#8217;ns ha fet curt. Durant gaireb\u00e9 dues hores, hem tingut la sort de poder gaudir d&#8217;explicacions sobre l&#8217;univers per part d&#8217;un membre de l&#8217;Agrupaci\u00f3 Astron\u00f2mica d&#8217;Osona, en Benjam\u00ed Laencina. Des de la creaci\u00f3 del sistema solar fins als forats negres, hem pogut repassar amb molt detall les singularitats dels diferents astres que roden [&hellip;]<\/p>\n","protected":false},"author":23,"featured_media":11291,"comment_status":"closed","ping_status":"closed","sticky":false,"template":"","format":"standard","meta":{"_bbp_topic_count":0,"_bbp_reply_count":0,"_bbp_total_topic_count":0,"_bbp_total_reply_count":0,"_bbp_voice_count":0,"_bbp_anonymous_reply_count":0,"_bbp_topic_count_hidden":0,"_bbp_reply_count_hidden":0,"_bbp_forum_subforum_count":0,"site-sidebar-layout":"default","site-content-layout":"","ast-site-content-layout":"","site-content-style":"default","site-sidebar-style":"default","ast-global-header-display":"","ast-banner-title-visibility":"","ast-main-header-display":"","ast-hfb-above-header-display":"","ast-hfb-below-header-display":"","ast-hfb-mobile-header-display":"","site-post-title":"","ast-breadcrumbs-content":"","ast-featured-img":"","footer-sml-layout":"","theme-transparent-header-meta":"","adv-header-id-meta":"","stick-header-meta":"","header-above-stick-meta":"","header-main-stick-meta":"","header-below-stick-meta":"","astra-migrate-meta-layouts":"default","ast-page-background-enabled":"default","ast-page-background-meta":{"desktop":{"background-color":"var(--ast-global-color-4)","background-image":"","background-repeat":"repeat","background-position":"center center","background-size":"auto","background-attachment":"scroll","background-type":"","background-media":"","overlay-type":"","overlay-color":"","overlay-opacity":"","overlay-gradient":""},"tablet":{"background-color":"","background-image":"","background-repeat":"repeat","background-position":"center center","background-size":"auto","background-attachment":"scroll","background-type":"","background-media":"","overlay-type":"","overlay-color":"","overlay-opacity":"","overlay-gradient":""},"mobile":{"background-color":"","background-image":"","background-repeat":"repeat","background-position":"center center","background-size":"auto","background-attachment":"scroll","background-type":"","background-media":"","overlay-type":"","overlay-color":"","overlay-opacity":"","overlay-gradient":""}},"ast-content-background-meta":{"desktop":{"background-color":"var(--ast-global-color-5)","background-image":"","background-repeat":"repeat","background-position":"center center","background-size":"auto","background-attachment":"scroll","background-type":"","background-media":"","overlay-type":"","overlay-color":"","overlay-opacity":"","overlay-gradient":""},"tablet":{"background-color":"var(--ast-global-color-5)","background-image":"","background-repeat":"repeat","background-position":"center center","background-size":"auto","background-attachment":"scroll","background-type":"","background-media":"","overlay-type":"","overlay-color":"","overlay-opacity":"","overlay-gradient":""},"mobile":{"background-color":"var(--ast-global-color-5)","background-image":"","background-repeat":"repeat","background-position":"center center","background-size":"auto","background-attachment":"scroll","background-type":"","background-media":"","overlay-type":"","overlay-color":"","overlay-opacity":"","overlay-gradient":""}},"footnotes":""},"categories":[8,9],"tags":[],"class_list":["post-11289","post","type-post","status-publish","format-standard","has-post-thumbnail","hentry","category-promocio-2016","category-promocio-2015"],"post_mailing_queue_ids":[],"_links":{"self":[{"href":"https:\/\/agora.xtec.cat\/ie-elcabreres\/wp-json\/wp\/v2\/posts\/11289","targetHints":{"allow":["GET"]}}],"collection":[{"href":"https:\/\/agora.xtec.cat\/ie-elcabreres\/wp-json\/wp\/v2\/posts"}],"about":[{"href":"https:\/\/agora.xtec.cat\/ie-elcabreres\/wp-json\/wp\/v2\/types\/post"}],"author":[{"embeddable":true,"href":"https:\/\/agora.xtec.cat\/ie-elcabreres\/wp-json\/wp\/v2\/users\/23"}],"replies":[{"embeddable":true,"href":"https:\/\/agora.xtec.cat\/ie-elcabreres\/wp-json\/wp\/v2\/comments?post=11289"}],"version-history":[{"count":2,"href":"https:\/\/agora.xtec.cat\/ie-elcabreres\/wp-json\/wp\/v2\/posts\/11289\/revisions"}],"predecessor-version":[{"id":11294,"href":"https:\/\/agora.xtec.cat\/ie-elcabreres\/wp-json\/wp\/v2\/posts\/11289\/revisions\/11294"}],"wp:featuredmedia":[{"embeddable":true,"href":"https:\/\/agora.xtec.cat\/ie-elcabreres\/wp-json\/wp\/v2\/media\/11291"}],"wp:attachment":[{"href":"https:\/\/agora.xtec.cat\/ie-elcabreres\/wp-json\/wp\/v2\/media?parent=11289"}],"wp:term":[{"taxonomy":"category","embeddable":true,"href":"https:\/\/agora.xtec.cat\/ie-elcabreres\/wp-json\/wp\/v2\/categories?post=11289"},{"taxonomy":"post_tag","embeddable":true,"href":"https:\/\/agora.xtec.cat\/ie-elcabreres\/wp-json\/wp\/v2\/tags?post=11289"}],"curies":[{"name":"wp","href":"https:\/\/api.w.org\/{rel}","templated":true}]}}