{"id":10769,"date":"2024-09-21T16:38:36","date_gmt":"2024-09-21T14:38:36","guid":{"rendered":"https:\/\/agora.xtec.cat\/ie-elcabreres\/?p=10769"},"modified":"2024-09-21T16:46:20","modified_gmt":"2024-09-21T14:46:20","slug":"els-alumnes-de-lie-el-cabreres-comencen-les-optatives","status":"publish","type":"post","link":"https:\/\/agora.xtec.cat\/ie-elcabreres\/portada\/els-alumnes-de-lie-el-cabreres-comencen-les-optatives\/","title":{"rendered":"Els alumnes de l&#8217;IE El Cabrer\u00e8s comencen les optatives"},"content":{"rendered":"<p><strong style=\"font-size: 1em;font-family: inherit\"><em>Franc\u00e8s 0<\/em> i <em>Franc\u00e8s 1<\/em>, <em>Investiguem l&#8217;entorn<\/em>, <em>Cultura cl\u00e0ssica<\/em>, <em>Revista<\/em> i <em>Economia km 0<\/em> s\u00f3n les optatives entre les quals l&#8217;alumnat ha pogut triar.\u00a0<\/strong><\/p>\n<p>Per segon any consecutiu, durant els primers dies d&#8217;escola els alumnes de l&#8217;Institut Escola van haver de decidir quines optatives volien fer enguany. Les opatives s\u00f3n mat\u00e8ries que els alumnes escullen i que fan de manera quadrimestral. Aix\u00ed, al llarg del curs, tots els alumnes hauran fet dues optatives. Les optatives entre les quals han hagut de triar s\u00f3n: <em>Franc\u00e8s 0<\/em> i <em>Franc\u00e8s 1<\/em>, <em>Investiguem l&#8217;entorn<\/em>, <em>Cultura cl\u00e0ssica<\/em>, <em>Revista<\/em> i <em>Economia km 0.\u00a0<\/em>Per tal de respectar les prefer\u00e8ncies de tots els alumnes, sempre s&#8217;intenta respectar les seves prefer\u00e8ncies i assignar-los la primera i segona opci\u00f3.<\/p>\n<p>Despr\u00e9s de tancar el proc\u00e9s d&#8217;adjudicaci\u00f3, el dijous 19 de setembre va ser el dia en qu\u00e8 els alumnes de 6\u00e8, 1r i 2n d&#8217;ESO van poder comen\u00e7ar la franja d&#8217;optatives. Entre les m\u00e9s demanades hi ha <em>Economia km 0<\/em>, una optativa nascuda dels interessos dels alumnes i tamb\u00e9 <em>Cultura cl\u00e0ssica<\/em>, una optativa en qu\u00e8 els alumnes aprendran a filosofar sobre les grans preguntes que els humans s&#8217;han fet des de l&#8217;inici dels temps.<\/p>\n<div class=\"mceTemp\"><a href=\"https:\/\/agora.xtec.cat\/ie-elcabreres\/wp-content\/uploads\/usu2186\/2024\/09\/IMATGENOTICIA.jpg\"><img loading=\"lazy\" decoding=\"async\" class=\"alignnone size-large wp-image-10778\" src=\"https:\/\/agora.xtec.cat\/ie-elcabreres\/wp-content\/uploads\/usu2186\/2024\/09\/IMATGENOTICIA-724x1024.jpg\" alt=\"\" width=\"724\" height=\"1024\" srcset=\"https:\/\/agora.xtec.cat\/ie-elcabreres\/wp-content\/uploads\/usu2186\/2024\/09\/IMATGENOTICIA-724x1024.jpg 724w, https:\/\/agora.xtec.cat\/ie-elcabreres\/wp-content\/uploads\/usu2186\/2024\/09\/IMATGENOTICIA-212x300.jpg 212w, https:\/\/agora.xtec.cat\/ie-elcabreres\/wp-content\/uploads\/usu2186\/2024\/09\/IMATGENOTICIA-768x1086.jpg 768w, https:\/\/agora.xtec.cat\/ie-elcabreres\/wp-content\/uploads\/usu2186\/2024\/09\/IMATGENOTICIA-1086x1536.jpg 1086w, https:\/\/agora.xtec.cat\/ie-elcabreres\/wp-content\/uploads\/usu2186\/2024\/09\/IMATGENOTICIA.jpg 1414w\" sizes=\"auto, (max-width: 724px) 100vw, 724px\" \/><\/a>&nbsp;<\/p>\n<\/div>\n","protected":false},"excerpt":{"rendered":"<p>Franc\u00e8s 0 i Franc\u00e8s 1, Investiguem l&#8217;entorn, Cultura cl\u00e0ssica, Revista i Economia km 0 s\u00f3n les optatives entre les quals l&#8217;alumnat ha pogut triar.\u00a0 Per segon any consecutiu, durant els primers dies d&#8217;escola els alumnes de l&#8217;Institut Escola van haver de decidir quines optatives volien fer enguany. Les opatives s\u00f3n mat\u00e8ries que els alumnes escullen [&hellip;]<\/p>\n","protected":false},"author":27,"featured_media":10778,"comment_status":"closed","ping_status":"closed","sticky":false,"template":"","format":"standard","meta":{"_bbp_topic_count":0,"_bbp_reply_count":0,"_bbp_total_topic_count":0,"_bbp_total_reply_count":0,"_bbp_voice_count":0,"_bbp_anonymous_reply_count":0,"_bbp_topic_count_hidden":0,"_bbp_reply_count_hidden":0,"_bbp_forum_subforum_count":0,"site-sidebar-layout":"default","site-content-layout":"","ast-site-content-layout":"","site-content-style":"default","site-sidebar-style":"default","ast-global-header-display":"","ast-banner-title-visibility":"","ast-main-header-display":"","ast-hfb-above-header-display":"","ast-hfb-below-header-display":"","ast-hfb-mobile-header-display":"","site-post-title":"","ast-breadcrumbs-content":"","ast-featured-img":"","footer-sml-layout":"","theme-transparent-header-meta":"","adv-header-id-meta":"","stick-header-meta":"","header-above-stick-meta":"","header-main-stick-meta":"","header-below-stick-meta":"","astra-migrate-meta-layouts":"default","ast-page-background-enabled":"default","ast-page-background-meta":{"desktop":{"background-color":"var(--ast-global-color-4)","background-image":"","background-repeat":"repeat","background-position":"center center","background-size":"auto","background-attachment":"scroll","background-type":"","background-media":"","overlay-type":"","overlay-color":"","overlay-opacity":"","overlay-gradient":""},"tablet":{"background-color":"","background-image":"","background-repeat":"repeat","background-position":"center center","background-size":"auto","background-attachment":"scroll","background-type":"","background-media":"","overlay-type":"","overlay-color":"","overlay-opacity":"","overlay-gradient":""},"mobile":{"background-color":"","background-image":"","background-repeat":"repeat","background-position":"center center","background-size":"auto","background-attachment":"scroll","background-type":"","background-media":"","overlay-type":"","overlay-color":"","overlay-opacity":"","overlay-gradient":""}},"ast-content-background-meta":{"desktop":{"background-color":"var(--ast-global-color-5)","background-image":"","background-repeat":"repeat","background-position":"center center","background-size":"auto","background-attachment":"scroll","background-type":"","background-media":"","overlay-type":"","overlay-color":"","overlay-opacity":"","overlay-gradient":""},"tablet":{"background-color":"var(--ast-global-color-5)","background-image":"","background-repeat":"repeat","background-position":"center center","background-size":"auto","background-attachment":"scroll","background-type":"","background-media":"","overlay-type":"","overlay-color":"","overlay-opacity":"","overlay-gradient":""},"mobile":{"background-color":"var(--ast-global-color-5)","background-image":"","background-repeat":"repeat","background-position":"center center","background-size":"auto","background-attachment":"scroll","background-type":"","background-media":"","overlay-type":"","overlay-color":"","overlay-opacity":"","overlay-gradient":""}},"footnotes":""},"categories":[12,13,4],"tags":[297,299,301,298,266,300,238,302],"class_list":["post-10769","post","type-post","status-publish","format-standard","has-post-thumbnail","hentry","category-promocio-2012","category-promocio-2011","category-portada","tag-cabreres","tag-culturaclassica","tag-economiakm0","tag-frances","tag-ieelcabreres","tag-investiguemlentorn","tag-optatives","tag-revista"],"post_mailing_queue_ids":[],"_links":{"self":[{"href":"https:\/\/agora.xtec.cat\/ie-elcabreres\/wp-json\/wp\/v2\/posts\/10769","targetHints":{"allow":["GET"]}}],"collection":[{"href":"https:\/\/agora.xtec.cat\/ie-elcabreres\/wp-json\/wp\/v2\/posts"}],"about":[{"href":"https:\/\/agora.xtec.cat\/ie-elcabreres\/wp-json\/wp\/v2\/types\/post"}],"author":[{"embeddable":true,"href":"https:\/\/agora.xtec.cat\/ie-elcabreres\/wp-json\/wp\/v2\/users\/27"}],"replies":[{"embeddable":true,"href":"https:\/\/agora.xtec.cat\/ie-elcabreres\/wp-json\/wp\/v2\/comments?post=10769"}],"version-history":[{"count":5,"href":"https:\/\/agora.xtec.cat\/ie-elcabreres\/wp-json\/wp\/v2\/posts\/10769\/revisions"}],"predecessor-version":[{"id":10780,"href":"https:\/\/agora.xtec.cat\/ie-elcabreres\/wp-json\/wp\/v2\/posts\/10769\/revisions\/10780"}],"wp:featuredmedia":[{"embeddable":true,"href":"https:\/\/agora.xtec.cat\/ie-elcabreres\/wp-json\/wp\/v2\/media\/10778"}],"wp:attachment":[{"href":"https:\/\/agora.xtec.cat\/ie-elcabreres\/wp-json\/wp\/v2\/media?parent=10769"}],"wp:term":[{"taxonomy":"category","embeddable":true,"href":"https:\/\/agora.xtec.cat\/ie-elcabreres\/wp-json\/wp\/v2\/categories?post=10769"},{"taxonomy":"post_tag","embeddable":true,"href":"https:\/\/agora.xtec.cat\/ie-elcabreres\/wp-json\/wp\/v2\/tags?post=10769"}],"curies":[{"name":"wp","href":"https:\/\/api.w.org\/{rel}","templated":true}]}}