{"id":10499,"date":"2024-04-26T10:17:34","date_gmt":"2024-04-26T08:17:34","guid":{"rendered":"https:\/\/agora.xtec.cat\/ie-elcabreres\/?p=10499"},"modified":"2024-04-26T10:18:11","modified_gmt":"2024-04-26T08:18:11","slug":"donacio-de-sang-a-linstitut-escola","status":"publish","type":"post","link":"https:\/\/agora.xtec.cat\/ie-elcabreres\/promocio-2011\/donacio-de-sang-a-linstitut-escola\/","title":{"rendered":"Donaci\u00f3 de sang a l&#8217;Institut-Escola"},"content":{"rendered":"<p>El dijous 11 d&#8217;abril va tenir lloc la donaci\u00f3 de sang al gimn\u00e0s de l&#8217;Institut Escola El Cabrer\u00e8s a l&#8217;Esquirol, de les 16:00 a les 20:00h.<\/p>\n<p>A partir de les 15:00, alguns nens i nenes de la classe de 1r d&#8217;ESO van anar al gimn\u00e0s per ajudar amb l&#8217;organitzaci\u00f3: van col\u00b7locar taules i cadires i van posar el menjar en safates per als donants.<\/p>\n<p>Durant la tarda, alguns alumnes s&#8217;encarregaven de rebre la gent que venia a donar sang i els donaven un formulari per veure si podien donar-ne o no. Alguns altres, donaven el menjar als voluntaris en acabar de donar sang per recuperar forces.<\/p>\n<p>A partir de les 16:30, alguns nens i nenes van marxar, per\u00f2 alguns es van quedar de voluntaris fins les 20:00h. Al llarg de la tarda va venir molta gent i quan es va acabar la jornada, alguns alumnes es van quedar per ajudar a recollir.<\/p>\n<p>&nbsp;<\/p>\n<p>Andrea (1r ESO)<\/p>\n<p><a href=\"https:\/\/agora.xtec.cat\/ie-elcabreres\/wp-content\/uploads\/usu2186\/2024\/04\/logo-dona-sang-rrss_editora_10_296_1.jpg\"><img loading=\"lazy\" decoding=\"async\" class=\"alignnone size-full wp-image-10500\" src=\"https:\/\/agora.xtec.cat\/ie-elcabreres\/wp-content\/uploads\/usu2186\/2024\/04\/logo-dona-sang-rrss_editora_10_296_1.jpg\" alt=\"\" width=\"800\" height=\"800\" srcset=\"https:\/\/agora.xtec.cat\/ie-elcabreres\/wp-content\/uploads\/usu2186\/2024\/04\/logo-dona-sang-rrss_editora_10_296_1.jpg 800w, https:\/\/agora.xtec.cat\/ie-elcabreres\/wp-content\/uploads\/usu2186\/2024\/04\/logo-dona-sang-rrss_editora_10_296_1-300x300.jpg 300w, https:\/\/agora.xtec.cat\/ie-elcabreres\/wp-content\/uploads\/usu2186\/2024\/04\/logo-dona-sang-rrss_editora_10_296_1-150x150.jpg 150w, https:\/\/agora.xtec.cat\/ie-elcabreres\/wp-content\/uploads\/usu2186\/2024\/04\/logo-dona-sang-rrss_editora_10_296_1-768x768.jpg 768w\" sizes=\"auto, (max-width: 800px) 100vw, 800px\" \/><\/a><\/p>\n","protected":false},"excerpt":{"rendered":"<p>El dijous 11 d&#8217;abril va tenir lloc la donaci\u00f3 de sang al gimn\u00e0s de l&#8217;Institut Escola El Cabrer\u00e8s a l&#8217;Esquirol, de les 16:00 a les 20:00h. A partir de les 15:00, alguns nens i nenes de la classe de 1r d&#8217;ESO van anar al gimn\u00e0s per ajudar amb l&#8217;organitzaci\u00f3: van col\u00b7locar taules i cadires i [&hellip;]<\/p>\n","protected":false},"author":27,"featured_media":10500,"comment_status":"closed","ping_status":"closed","sticky":false,"template":"","format":"standard","meta":{"_bbp_topic_count":0,"_bbp_reply_count":0,"_bbp_total_topic_count":0,"_bbp_total_reply_count":0,"_bbp_voice_count":0,"_bbp_anonymous_reply_count":0,"_bbp_topic_count_hidden":0,"_bbp_reply_count_hidden":0,"_bbp_forum_subforum_count":0,"site-sidebar-layout":"default","site-content-layout":"","ast-site-content-layout":"","site-content-style":"default","site-sidebar-style":"default","ast-global-header-display":"","ast-banner-title-visibility":"","ast-main-header-display":"","ast-hfb-above-header-display":"","ast-hfb-below-header-display":"","ast-hfb-mobile-header-display":"","site-post-title":"","ast-breadcrumbs-content":"","ast-featured-img":"","footer-sml-layout":"","theme-transparent-header-meta":"","adv-header-id-meta":"","stick-header-meta":"","header-above-stick-meta":"","header-main-stick-meta":"","header-below-stick-meta":"","astra-migrate-meta-layouts":"default","ast-page-background-enabled":"default","ast-page-background-meta":{"desktop":{"background-color":"var(--ast-global-color-4)","background-image":"","background-repeat":"repeat","background-position":"center center","background-size":"auto","background-attachment":"scroll","background-type":"","background-media":"","overlay-type":"","overlay-color":"","overlay-opacity":"","overlay-gradient":""},"tablet":{"background-color":"","background-image":"","background-repeat":"repeat","background-position":"center center","background-size":"auto","background-attachment":"scroll","background-type":"","background-media":"","overlay-type":"","overlay-color":"","overlay-opacity":"","overlay-gradient":""},"mobile":{"background-color":"","background-image":"","background-repeat":"repeat","background-position":"center center","background-size":"auto","background-attachment":"scroll","background-type":"","background-media":"","overlay-type":"","overlay-color":"","overlay-opacity":"","overlay-gradient":""}},"ast-content-background-meta":{"desktop":{"background-color":"var(--ast-global-color-5)","background-image":"","background-repeat":"repeat","background-position":"center center","background-size":"auto","background-attachment":"scroll","background-type":"","background-media":"","overlay-type":"","overlay-color":"","overlay-opacity":"","overlay-gradient":""},"tablet":{"background-color":"var(--ast-global-color-5)","background-image":"","background-repeat":"repeat","background-position":"center center","background-size":"auto","background-attachment":"scroll","background-type":"","background-media":"","overlay-type":"","overlay-color":"","overlay-opacity":"","overlay-gradient":""},"mobile":{"background-color":"var(--ast-global-color-5)","background-image":"","background-repeat":"repeat","background-position":"center center","background-size":"auto","background-attachment":"scroll","background-type":"","background-media":"","overlay-type":"","overlay-color":"","overlay-opacity":"","overlay-gradient":""}},"footnotes":""},"categories":[13],"tags":[283,285,282,273,284,162],"class_list":["post-10499","post","type-post","status-publish","format-standard","has-post-thumbnail","hentry","category-promocio-2011","tag-campanyadonaciosang","tag-donacio","tag-donaciodesang","tag-sang","tag-solidaritat","tag-voluntariat"],"post_mailing_queue_ids":[],"_links":{"self":[{"href":"https:\/\/agora.xtec.cat\/ie-elcabreres\/wp-json\/wp\/v2\/posts\/10499","targetHints":{"allow":["GET"]}}],"collection":[{"href":"https:\/\/agora.xtec.cat\/ie-elcabreres\/wp-json\/wp\/v2\/posts"}],"about":[{"href":"https:\/\/agora.xtec.cat\/ie-elcabreres\/wp-json\/wp\/v2\/types\/post"}],"author":[{"embeddable":true,"href":"https:\/\/agora.xtec.cat\/ie-elcabreres\/wp-json\/wp\/v2\/users\/27"}],"replies":[{"embeddable":true,"href":"https:\/\/agora.xtec.cat\/ie-elcabreres\/wp-json\/wp\/v2\/comments?post=10499"}],"version-history":[{"count":2,"href":"https:\/\/agora.xtec.cat\/ie-elcabreres\/wp-json\/wp\/v2\/posts\/10499\/revisions"}],"predecessor-version":[{"id":10502,"href":"https:\/\/agora.xtec.cat\/ie-elcabreres\/wp-json\/wp\/v2\/posts\/10499\/revisions\/10502"}],"wp:featuredmedia":[{"embeddable":true,"href":"https:\/\/agora.xtec.cat\/ie-elcabreres\/wp-json\/wp\/v2\/media\/10500"}],"wp:attachment":[{"href":"https:\/\/agora.xtec.cat\/ie-elcabreres\/wp-json\/wp\/v2\/media?parent=10499"}],"wp:term":[{"taxonomy":"category","embeddable":true,"href":"https:\/\/agora.xtec.cat\/ie-elcabreres\/wp-json\/wp\/v2\/categories?post=10499"},{"taxonomy":"post_tag","embeddable":true,"href":"https:\/\/agora.xtec.cat\/ie-elcabreres\/wp-json\/wp\/v2\/tags?post=10499"}],"curies":[{"name":"wp","href":"https:\/\/api.w.org\/{rel}","templated":true}]}}