{"id":10433,"date":"2024-04-24T10:23:24","date_gmt":"2024-04-24T08:23:24","guid":{"rendered":"https:\/\/agora.xtec.cat\/ie-elcabreres\/?p=10433"},"modified":"2024-04-24T10:34:28","modified_gmt":"2024-04-24T08:34:28","slug":"si-no-es-inclusiva-no-es-educacio","status":"publish","type":"post","link":"https:\/\/agora.xtec.cat\/ie-elcabreres\/general\/si-no-es-inclusiva-no-es-educacio\/","title":{"rendered":"SI NO \u00c9S INCLUSIVA, NO \u00c9S EDUCACI\u00d3!"},"content":{"rendered":"<p>Dilluns 21 d&#8217;abril, ens vam trobar fam\u00edlies, mestres i alumnes al pati del centre per a reclamar els recursos necessaris per fer possible una educaci\u00f3 realment inclusiva.<\/p>\n<p>Tots plegats vam llegir un manifest i vam desplegar una pancarta dibuixada per la Laia Sauret, artista i mare del centre.<\/p>\n<p>Un moment emotiu en el que tots i totes ens vam sentir compromesos i conven\u00e7uts que el Dret a l&#8217;educaci\u00f3 \u00e9s per a tots\/es, que calen m\u00e9s recursos per a un inclusi\u00f3 efectiva i que la manca d&#8217;aquests repercuteix en el desenvolupament de tot l&#8217;alumnat.<\/p>\n<p>A m\u00e9s, durant la jornada de Sant Jordi, vam aprofitar per a regalar punts de llibre amb el lema &#8220;Si no \u00e9s inclusiva, no \u00e9s educaci\u00f3&#8221;.<\/p>\n<p>Esperem que la nostra crida tingui ress\u00f2 i s&#8217;apliquin les mesures necess\u00e0ries per al desplegament del Decret d&#8217;inclusi\u00f3.<\/p>\n<p><strong><a href=\"https:\/\/drive.google.com\/file\/d\/1VztDvQvO3Lq3_KOkfH_wWO8da_TFtS8F\/view?usp=drive_link\">MANIFEST INCLUSI\u00d3\u00a0<\/a><\/strong><\/p>\n<p><a href=\"https:\/\/agora.xtec.cat\/ie-elcabreres\/wp-content\/uploads\/usu2186\/2024\/04\/IMG_20240422_162409.jpg\"><img loading=\"lazy\" decoding=\"async\" class=\"wp-image-10435 alignleft\" src=\"https:\/\/agora.xtec.cat\/ie-elcabreres\/wp-content\/uploads\/usu2186\/2024\/04\/IMG_20240422_162409-1024x577.jpg\" alt=\"\" width=\"621\" height=\"350\" srcset=\"https:\/\/agora.xtec.cat\/ie-elcabreres\/wp-content\/uploads\/usu2186\/2024\/04\/IMG_20240422_162409-1024x577.jpg 1024w, https:\/\/agora.xtec.cat\/ie-elcabreres\/wp-content\/uploads\/usu2186\/2024\/04\/IMG_20240422_162409-300x169.jpg 300w, https:\/\/agora.xtec.cat\/ie-elcabreres\/wp-content\/uploads\/usu2186\/2024\/04\/IMG_20240422_162409-768x433.jpg 768w, https:\/\/agora.xtec.cat\/ie-elcabreres\/wp-content\/uploads\/usu2186\/2024\/04\/IMG_20240422_162409-1536x866.jpg 1536w, https:\/\/agora.xtec.cat\/ie-elcabreres\/wp-content\/uploads\/usu2186\/2024\/04\/IMG_20240422_162409.jpg 1632w\" sizes=\"auto, (max-width: 621px) 100vw, 621px\" \/>\u00a0<\/a><\/p>\n<p>&nbsp;<\/p>\n<p>&nbsp;<\/p>\n<p>&nbsp;<\/p>\n<p>&nbsp;<\/p>\n<p>&nbsp;<\/p>\n<p>&nbsp;<\/p>\n<p>&nbsp;<\/p>\n<p>&nbsp;<\/p>\n<p><a href=\"https:\/\/agora.xtec.cat\/ie-elcabreres\/wp-content\/uploads\/usu2186\/2024\/04\/CARTELL.jpg\"><img loading=\"lazy\" decoding=\"async\" class=\"alignnone wp-image-10436\" src=\"https:\/\/agora.xtec.cat\/ie-elcabreres\/wp-content\/uploads\/usu2186\/2024\/04\/CARTELL.jpg\" alt=\"\" width=\"353\" height=\"444\" srcset=\"https:\/\/agora.xtec.cat\/ie-elcabreres\/wp-content\/uploads\/usu2186\/2024\/04\/CARTELL.jpg 526w, https:\/\/agora.xtec.cat\/ie-elcabreres\/wp-content\/uploads\/usu2186\/2024\/04\/CARTELL-239x300.jpg 239w\" sizes=\"auto, (max-width: 353px) 100vw, 353px\" \/><\/a><a href=\"https:\/\/agora.xtec.cat\/ie-elcabreres\/wp-content\/uploads\/usu2186\/2024\/04\/20240422_164534.jpg\"><img loading=\"lazy\" decoding=\"async\" class=\"alignnone wp-image-10437\" src=\"https:\/\/agora.xtec.cat\/ie-elcabreres\/wp-content\/uploads\/usu2186\/2024\/04\/20240422_164534-577x1024.jpg\" alt=\"\" width=\"306\" height=\"543\" srcset=\"https:\/\/agora.xtec.cat\/ie-elcabreres\/wp-content\/uploads\/usu2186\/2024\/04\/20240422_164534-577x1024.jpg 577w, https:\/\/agora.xtec.cat\/ie-elcabreres\/wp-content\/uploads\/usu2186\/2024\/04\/20240422_164534-169x300.jpg 169w, https:\/\/agora.xtec.cat\/ie-elcabreres\/wp-content\/uploads\/usu2186\/2024\/04\/20240422_164534-768x1364.jpg 768w, https:\/\/agora.xtec.cat\/ie-elcabreres\/wp-content\/uploads\/usu2186\/2024\/04\/20240422_164534-865x1536.jpg 865w, https:\/\/agora.xtec.cat\/ie-elcabreres\/wp-content\/uploads\/usu2186\/2024\/04\/20240422_164534-1153x2048.jpg 1153w, https:\/\/agora.xtec.cat\/ie-elcabreres\/wp-content\/uploads\/usu2186\/2024\/04\/20240422_164534.jpg 1302w\" sizes=\"auto, (max-width: 306px) 100vw, 306px\" \/><\/a><\/p>\n<p>&nbsp;<\/p>\n<p>&nbsp;<\/p>\n","protected":false},"excerpt":{"rendered":"<p>Dilluns 21 d&#8217;abril, ens vam trobar fam\u00edlies, mestres i alumnes al pati del centre per a reclamar els recursos necessaris per fer possible una educaci\u00f3 realment inclusiva. Tots plegats vam llegir un manifest i vam desplegar una pancarta dibuixada per la Laia Sauret, artista i mare del centre. Un moment emotiu en el que tots [&hellip;]<\/p>\n","protected":false},"author":6,"featured_media":10435,"comment_status":"open","ping_status":"closed","sticky":false,"template":"","format":"standard","meta":{"_bbp_topic_count":0,"_bbp_reply_count":0,"_bbp_total_topic_count":0,"_bbp_total_reply_count":0,"_bbp_voice_count":0,"_bbp_anonymous_reply_count":0,"_bbp_topic_count_hidden":0,"_bbp_reply_count_hidden":0,"_bbp_forum_subforum_count":0,"site-sidebar-layout":"default","site-content-layout":"","ast-site-content-layout":"","site-content-style":"default","site-sidebar-style":"default","ast-global-header-display":"","ast-banner-title-visibility":"","ast-main-header-display":"","ast-hfb-above-header-display":"","ast-hfb-below-header-display":"","ast-hfb-mobile-header-display":"","site-post-title":"","ast-breadcrumbs-content":"","ast-featured-img":"","footer-sml-layout":"","theme-transparent-header-meta":"","adv-header-id-meta":"","stick-header-meta":"","header-above-stick-meta":"","header-main-stick-meta":"","header-below-stick-meta":"","astra-migrate-meta-layouts":"default","ast-page-background-enabled":"default","ast-page-background-meta":{"desktop":{"background-color":"var(--ast-global-color-4)","background-image":"","background-repeat":"repeat","background-position":"center center","background-size":"auto","background-attachment":"scroll","background-type":"","background-media":"","overlay-type":"","overlay-color":"","overlay-opacity":"","overlay-gradient":""},"tablet":{"background-color":"","background-image":"","background-repeat":"repeat","background-position":"center center","background-size":"auto","background-attachment":"scroll","background-type":"","background-media":"","overlay-type":"","overlay-color":"","overlay-opacity":"","overlay-gradient":""},"mobile":{"background-color":"","background-image":"","background-repeat":"repeat","background-position":"center center","background-size":"auto","background-attachment":"scroll","background-type":"","background-media":"","overlay-type":"","overlay-color":"","overlay-opacity":"","overlay-gradient":""}},"ast-content-background-meta":{"desktop":{"background-color":"var(--ast-global-color-5)","background-image":"","background-repeat":"repeat","background-position":"center center","background-size":"auto","background-attachment":"scroll","background-type":"","background-media":"","overlay-type":"","overlay-color":"","overlay-opacity":"","overlay-gradient":""},"tablet":{"background-color":"var(--ast-global-color-5)","background-image":"","background-repeat":"repeat","background-position":"center center","background-size":"auto","background-attachment":"scroll","background-type":"","background-media":"","overlay-type":"","overlay-color":"","overlay-opacity":"","overlay-gradient":""},"mobile":{"background-color":"var(--ast-global-color-5)","background-image":"","background-repeat":"repeat","background-position":"center center","background-size":"auto","background-attachment":"scroll","background-type":"","background-media":"","overlay-type":"","overlay-color":"","overlay-opacity":"","overlay-gradient":""}},"footnotes":""},"categories":[1,4],"tags":[],"class_list":["post-10433","post","type-post","status-publish","format-standard","has-post-thumbnail","hentry","category-general","category-portada"],"post_mailing_queue_ids":[],"_links":{"self":[{"href":"https:\/\/agora.xtec.cat\/ie-elcabreres\/wp-json\/wp\/v2\/posts\/10433","targetHints":{"allow":["GET"]}}],"collection":[{"href":"https:\/\/agora.xtec.cat\/ie-elcabreres\/wp-json\/wp\/v2\/posts"}],"about":[{"href":"https:\/\/agora.xtec.cat\/ie-elcabreres\/wp-json\/wp\/v2\/types\/post"}],"author":[{"embeddable":true,"href":"https:\/\/agora.xtec.cat\/ie-elcabreres\/wp-json\/wp\/v2\/users\/6"}],"replies":[{"embeddable":true,"href":"https:\/\/agora.xtec.cat\/ie-elcabreres\/wp-json\/wp\/v2\/comments?post=10433"}],"version-history":[{"count":4,"href":"https:\/\/agora.xtec.cat\/ie-elcabreres\/wp-json\/wp\/v2\/posts\/10433\/revisions"}],"predecessor-version":[{"id":10441,"href":"https:\/\/agora.xtec.cat\/ie-elcabreres\/wp-json\/wp\/v2\/posts\/10433\/revisions\/10441"}],"wp:featuredmedia":[{"embeddable":true,"href":"https:\/\/agora.xtec.cat\/ie-elcabreres\/wp-json\/wp\/v2\/media\/10435"}],"wp:attachment":[{"href":"https:\/\/agora.xtec.cat\/ie-elcabreres\/wp-json\/wp\/v2\/media?parent=10433"}],"wp:term":[{"taxonomy":"category","embeddable":true,"href":"https:\/\/agora.xtec.cat\/ie-elcabreres\/wp-json\/wp\/v2\/categories?post=10433"},{"taxonomy":"post_tag","embeddable":true,"href":"https:\/\/agora.xtec.cat\/ie-elcabreres\/wp-json\/wp\/v2\/tags?post=10433"}],"curies":[{"name":"wp","href":"https:\/\/api.w.org\/{rel}","templated":true}]}}