{"id":20075,"date":"2026-07-08T15:43:18","date_gmt":"2026-07-08T13:43:18","guid":{"rendered":"https:\/\/agora.xtec.cat\/fpdual\/?p=20075"},"modified":"2026-07-08T15:43:18","modified_gmt":"2026-07-08T13:43:18","slug":"consolidem-lexcellencia-en-fp-dual-amb-andreu-manteniment-industrial-sl","status":"publish","type":"post","link":"https:\/\/agora.xtec.cat\/fpdual\/general\/consolidem-lexcellencia-en-fp-dual-amb-andreu-manteniment-industrial-sl\/","title":{"rendered":"Consolidem l\u2019excel\u00b7l\u00e8ncia en FP Dual amb Andreu Manteniment Industrial SL"},"content":{"rendered":"<p>&nbsp;<\/p>\n<p><span data-olk-copy-source=\"MessageBody\">L\u2019e<a href=\"https:\/\/agora.xtec.cat\/fpdual\/wp-content\/uploads\/usu1832\/2026\/07\/Andreu_Mantenimnet_Excelencia_DUAL_Intensiva-6-scaled.jpg\"><img loading=\"lazy\" decoding=\"async\" class=\"size-medium wp-image-20076 alignleft\" src=\"https:\/\/agora.xtec.cat\/fpdual\/wp-content\/uploads\/usu1832\/2026\/07\/Andreu_Mantenimnet_Excelencia_DUAL_Intensiva-6-300x226.jpg\" alt=\"\" width=\"300\" height=\"226\" srcset=\"https:\/\/agora.xtec.cat\/fpdual\/wp-content\/uploads\/usu1832\/2026\/07\/Andreu_Mantenimnet_Excelencia_DUAL_Intensiva-6-300x226.jpg 300w, https:\/\/agora.xtec.cat\/fpdual\/wp-content\/uploads\/usu1832\/2026\/07\/Andreu_Mantenimnet_Excelencia_DUAL_Intensiva-6-1024x770.jpg 1024w, https:\/\/agora.xtec.cat\/fpdual\/wp-content\/uploads\/usu1832\/2026\/07\/Andreu_Mantenimnet_Excelencia_DUAL_Intensiva-6-768x578.jpg 768w, https:\/\/agora.xtec.cat\/fpdual\/wp-content\/uploads\/usu1832\/2026\/07\/Andreu_Mantenimnet_Excelencia_DUAL_Intensiva-6-1536x1156.jpg 1536w, https:\/\/agora.xtec.cat\/fpdual\/wp-content\/uploads\/usu1832\/2026\/07\/Andreu_Mantenimnet_Excelencia_DUAL_Intensiva-6-2048x1541.jpg 2048w, https:\/\/agora.xtec.cat\/fpdual\/wp-content\/uploads\/usu1832\/2026\/07\/Andreu_Mantenimnet_Excelencia_DUAL_Intensiva-6-200x150.jpg 200w\" sizes=\"auto, (max-width: 300px) 100vw, 300px\" \/><\/a>mpresa\u00a0 ANDREU MANTENIMENT INDUSTRIAL<\/span>\u00a0SL\u00a0en col\u00b7laboraci\u00f3 amb l\u2019Institut, el passat 30 de juny va consolidar la certificaci\u00f3 d&#8217;excel\u00b7l\u00e8ncia en la qualitat del Servei d\u2019FP Dual. Aquest reconeixement ha estat possible gr\u00e0cies al desenvolupament conjunt amb la companyia sueca de la Formaci\u00f3 Professional en els cicles formatius de grau superior de\u00a0Automatitzaci\u00f3 i Rob\u00f2tica Industrial\u00a0 i\u00a0\u00a0Programaci\u00f3 de la Producci\u00f3 en Fabricaci\u00f3 Mec\u00e0nica.<\/p>\n<p>L&#8217;acte de verificaci\u00f3 compta amb una \u00e0mplia representaci\u00f3 dels agents implicats. Per part de l\u2019entitat certificadora Applus, hi va assistir Laura Barbero, responsable de dur a terme l\u2019auditoria externa. Per part de l\u2019empresa\u00a0\u00a0ANDREU MANTENIMENT INDUSTRIAL\u00a0SL, amb\u00a0Lidia Gistau Queral, responsable de RRHH.\u00a0Per part de l\u2019Institut Jaume Huguet, Neus Budesca, coordinadora d\u2019FP Dual Intensiva. Finalment, per part del Departament d&#8217;Educaci\u00f3 i Formaci\u00f3 Professional, Marc Donadeu, del Servei de Programes i Projectes de Foment dels Ensenyaments Professionals.<\/p>\n<p>Per dur a terme l&#8217;auditoria, s&#8217;han tingut en compte les dades dels instituts que el curs passat van tenir alumnes en formaci\u00f3 en FP dual en aquesta empresa: Jaume Huguet i Pere Martell el grau de satisfacci\u00f3 dels quals ha perm\u00e8s la certificaci\u00f3 en excel\u00b7l\u00e8ncia de l&#8217;empresa<\/p>\n<p>Amb aquesta distinci\u00f3, Valls es consolida com a referent en l\u2019\u00e0mbit de l\u2019FP Dual. Una vegada m\u00e9s, la Formaci\u00f3 Professional de l\u2019Institut Jaume Huguet es posa de manifest com un instrument efica\u00e7 per a la preparaci\u00f3 dels joves, facilitant-los l&#8217;acc\u00e9s a llocs de treball qualificats. I en un futur, com a Centre Integrat de la FP.<\/p>\n<div>\n<p>El Servei d\u2019FP Dual constitueix un proc\u00e9s integrat dins el model d&#8217;ensenyament-aprenentatge de l\u2019Institut, implantat i certificat en el sistema de gesti\u00f3 integrat del centre, basat en les normes ISO 9001 i ISO 45001, i desenvolupat conjuntament amb les empreses col\u00b7laboradores. En aquest marc, s\u2019ha creat un segell de qualitat i s&#8217;han establert uns requisits que han de complir totes les empreses que vulguin obtenir-lo.<\/p>\n<p>El certificat ha estat em\u00e8s per l\u2019empresa APPLUS, despr\u00e9s de la visita de l\u2019equip auditor a l\u2019empresa;\u00a0\u00a0 ANDREU MANTENIMENT INDUSTRIAL\u00a0\u00a0SL\u00a0\u00a0\u00a0 ha assolit el nivell m\u00e0xim certificable.<\/p>\n<p>&nbsp;<\/p>\n<\/div>\n<p>.<\/p>\n","protected":false},"excerpt":{"rendered":"<p>&nbsp;<br \/>\nL\u2019e<a href=\"https:\/\/agora.xtec.cat\/fpdual\/wp-content\/uploads\/usu1832\/2026\/07\/Andreu_Mantenimnet_Excelencia_DUAL_Intensiva-6-scaled.jpg\"><\/a>mpresa\u00a0 ANDREU MANTENIMENT INDUSTRIAL\u00a0SL\u00a0en col\u00b7laboraci\u00f3 amb l\u2019Institut, el passat 30 de juny va consolidar la certificaci\u00f3 d&#8217;excel\u00b7l\u00e8ncia en la qualitat del Servei d\u2019FP Dual. Aquest reconeixement ha estat possible gr\u00e0cies al desenvolupament conjunt amb la companyia sueca de la Formaci\u00f3 Professional en els cicles&hellip;  <a href=\"https:\/\/agora.xtec.cat\/fpdual\/general\/consolidem-lexcellencia-en-fp-dual-amb-andreu-manteniment-industrial-sl\/\" title=\"Read Consolidem l\u2019excel\u00b7l\u00e8ncia en FP Dual amb Andreu Manteniment Industrial SL\">Llegeix m\u00e9s\u00bb<\/a><\/p>\n","protected":false},"author":373,"featured_media":20076,"comment_status":"open","ping_status":"open","sticky":false,"template":"","format":"standard","meta":{"_bbp_topic_count":0,"_bbp_reply_count":0,"_bbp_total_topic_count":0,"_bbp_total_reply_count":0,"_bbp_voice_count":0,"_bbp_anonymous_reply_count":0,"_bbp_topic_count_hidden":0,"_bbp_reply_count_hidden":0,"_bbp_forum_subforum_count":0,"footnotes":""},"categories":[1,29],"tags":[],"class_list":["post-20075","post","type-post","status-publish","format-standard","has-post-thumbnail","hentry","category-general","category-portada"],"post_mailing_queue_ids":[],"_links":{"self":[{"href":"https:\/\/agora.xtec.cat\/fpdual\/wp-json\/wp\/v2\/posts\/20075","targetHints":{"allow":["GET"]}}],"collection":[{"href":"https:\/\/agora.xtec.cat\/fpdual\/wp-json\/wp\/v2\/posts"}],"about":[{"href":"https:\/\/agora.xtec.cat\/fpdual\/wp-json\/wp\/v2\/types\/post"}],"author":[{"embeddable":true,"href":"https:\/\/agora.xtec.cat\/fpdual\/wp-json\/wp\/v2\/users\/373"}],"replies":[{"embeddable":true,"href":"https:\/\/agora.xtec.cat\/fpdual\/wp-json\/wp\/v2\/comments?post=20075"}],"version-history":[{"count":3,"href":"https:\/\/agora.xtec.cat\/fpdual\/wp-json\/wp\/v2\/posts\/20075\/revisions"}],"predecessor-version":[{"id":20079,"href":"https:\/\/agora.xtec.cat\/fpdual\/wp-json\/wp\/v2\/posts\/20075\/revisions\/20079"}],"wp:featuredmedia":[{"embeddable":true,"href":"https:\/\/agora.xtec.cat\/fpdual\/wp-json\/wp\/v2\/media\/20076"}],"wp:attachment":[{"href":"https:\/\/agora.xtec.cat\/fpdual\/wp-json\/wp\/v2\/media?parent=20075"}],"wp:term":[{"taxonomy":"category","embeddable":true,"href":"https:\/\/agora.xtec.cat\/fpdual\/wp-json\/wp\/v2\/categories?post=20075"},{"taxonomy":"post_tag","embeddable":true,"href":"https:\/\/agora.xtec.cat\/fpdual\/wp-json\/wp\/v2\/tags?post=20075"}],"curies":[{"name":"wp","href":"https:\/\/api.w.org\/{rel}","templated":true}]}}