{"id":20048,"date":"2026-07-08T12:17:07","date_gmt":"2026-07-08T10:17:07","guid":{"rendered":"https:\/\/agora.xtec.cat\/fpdual\/?p=20048"},"modified":"2026-07-08T12:17:16","modified_gmt":"2026-07-08T10:17:16","slug":"el-contracte-dual-es-consolida-com-una-eina-estrategica-per-captar-i-formar-talent-a-les-empreses","status":"publish","type":"post","link":"https:\/\/agora.xtec.cat\/fpdual\/general\/el-contracte-dual-es-consolida-com-una-eina-estrategica-per-captar-i-formar-talent-a-les-empreses\/","title":{"rendered":"El contracte DUAL es consolida com una eina estrat\u00e8gica per captar i formar talent a les empreses"},"content":{"rendered":"<h1><\/h1>\n<p class=\"isSelectedEnd\">La Cambra de Comer\u00e7 de Lleida ha acollit avui 17 de Juny de 2026 la jornada <strong>\u201cEl contracte DUAL: captem talent a cost redu\u00eft\u201d<\/strong>, una iniciativa adre\u00e7ada a empreses interessades a con\u00e8ixer les oportunitats que ofereix la Formaci\u00f3 Professional Dual per incorporar talent qualificat i adaptar-lo a les necessitats espec\u00edfiques de cada organitzaci\u00f3.<\/p>\n<p class=\"isSelectedEnd\">La sessi\u00f3 ha estat inaugurada pel Sr. <strong>Juli Vilagrassa<\/strong>, president de la Comissi\u00f3 de Formaci\u00f3 de la Cambra de Comer\u00e7 de Lleida, que ha destacat la import\u00e0ncia de refor\u00e7ar els vincles entre el sistema educatiu i el teixit empresarial per donar resposta als reptes actuals del mercat laboral.<\/p>\n<p class=\"isSelectedEnd\">Tot seguit, el Sr. <strong>David Trenchs L\u00f3pez<\/strong>, gestor administratiu i membre de la Junta de la Delegaci\u00f3 de Lleida del Col\u00b7legi Oficial de Gestors Administratius de Catalunya, ha impartit la pon\u00e8ncia <strong>\u201cFormaci\u00f3 en aprenentatge: el contracte del futur\u201d<\/strong>, en la qual ha exposat el marc normatiu actual, les caracter\u00edstiques del contracte de formaci\u00f3 en alternan\u00e7a i els avantatges que aquesta modalitat ofereix tant a empreses com a estudiants.<\/p>\n<p class=\"isSelectedEnd\">La jornada ha continuat amb la presentaci\u00f3 de diversos casos d&#8217;\u00e8xit de la demarcaci\u00f3 de Lleida que evidencien el potencial de la FP Dual per generar talent qualificat i facilitar la incorporaci\u00f3 de nous professionals a les empreses. El Sr. <strong>Sergi Bisen<\/strong> alumne format en contracte dual i ara, contractat a la plantilla com a treballador ,per l\u00b4empresa\u00a0 Granja Martinez CB\u00a0 , granja de cria de conills El Sr. <strong>Vicen\u00e7 Farr\u00e9<\/strong>, d&#8217;Infraestructures Rom\u00e0, ha compartit l&#8217;experi\u00e8ncia desenvolupada conjuntament amb l&#8217;Institut Torre Vicens. Posteriorment, la Sra. <strong>Anna Barb\u00e9<\/strong>, de Vall Companys, i el Sr. <strong>Ramon Centellas<\/strong>, en col\u00b7laboraci\u00f3 amb l&#8217;Institut Mollerussa, han explicat els resultats obtinguts gr\u00e0cies a la participaci\u00f3 en programes de formaci\u00f3 dual. Els tutors d\u00b4Estada a l\u00b4empresa del Departament d\u00b4Educaci\u00f3 han format part d\u00b4aquesta taula rodona donant suport als ponents de les empreses.<\/p>\n<p class=\"isSelectedEnd\">En la segona part de la jornada, la pon\u00e8ncia <strong>\u201cAvantatges econ\u00f2mics del contracte en la FP Dual\u201d<\/strong> ha anat a c\u00e0rrec de la Sra. <strong>Miracle Farreny<\/strong> i la Sra. <strong>Montserrat Arnau<\/strong>, prospectores dels Serveis Territorials d&#8217;Educaci\u00f3 i Formaci\u00f3 Professional a Lleida\u00a0Les ponents han detallat els incentius econ\u00f2mics, les bonificacions i els beneficis que comporta per a les empreses apostar per aquesta modalitat de contractaci\u00f3, aix\u00ed com el suport que els centres educatius i l&#8217;administraci\u00f3 ofereixen durant tot el proc\u00e9s.<\/p>\n<p class=\"isSelectedEnd\">Durant el torn obert de preguntes, els assistents han pogut resoldre dubtes relacionats amb els requisits de la contractaci\u00f3 dual, les obligacions de les empreses i les possibilitats d&#8217;implantaci\u00f3 en diferents sectors productius.<\/p>\n<p class=\"isSelectedEnd\">La jornada ha finalitzat amb les conclusions i la cloenda, posant de manifest que la Formaci\u00f3 Professional Dual s&#8217;ha convertit en una eina clau per garantir el relleu generacional, millorar la qualificaci\u00f3 professional i refor\u00e7ar la competitivitat de les empreses del territori.<\/p>\n<p>A trav\u00e9s d&#8217;iniciatives com aquesta, la Cambra de Comer\u00e7 de Lleida juntament amb els SSTT d\u00b4Educaci\u00f3 de LLeida reafirmen el seu comprom\u00eds amb la promoci\u00f3 de la Formaci\u00f3 Professional i amb l&#8217;impuls de models de col\u00b7laboraci\u00f3 entre empreses i centres educatius que contribueixen al desenvolupament econ\u00f2mic i social de les terres de Lleida<\/p>\n<p>&nbsp;<\/p>\n<p>&nbsp;<\/p>\n<p><a href=\"https:\/\/agora.xtec.cat\/fpdual\/wp-content\/uploads\/usu1832\/2026\/06\/2a6a2a09-3e39-4cde-b23e-edc14257eca0.jpg\"><img loading=\"lazy\" decoding=\"async\" class=\"wp-image-20050 aligncenter\" src=\"https:\/\/agora.xtec.cat\/fpdual\/wp-content\/uploads\/usu1832\/2026\/06\/2a6a2a09-3e39-4cde-b23e-edc14257eca0-169x300.jpg\" alt=\"\" width=\"233\" height=\"414\" srcset=\"https:\/\/agora.xtec.cat\/fpdual\/wp-content\/uploads\/usu1832\/2026\/06\/2a6a2a09-3e39-4cde-b23e-edc14257eca0-169x300.jpg 169w, https:\/\/agora.xtec.cat\/fpdual\/wp-content\/uploads\/usu1832\/2026\/06\/2a6a2a09-3e39-4cde-b23e-edc14257eca0-576x1024.jpg 576w, https:\/\/agora.xtec.cat\/fpdual\/wp-content\/uploads\/usu1832\/2026\/06\/2a6a2a09-3e39-4cde-b23e-edc14257eca0-768x1365.jpg 768w, https:\/\/agora.xtec.cat\/fpdual\/wp-content\/uploads\/usu1832\/2026\/06\/2a6a2a09-3e39-4cde-b23e-edc14257eca0-864x1536.jpg 864w, https:\/\/agora.xtec.cat\/fpdual\/wp-content\/uploads\/usu1832\/2026\/06\/2a6a2a09-3e39-4cde-b23e-edc14257eca0.jpg 900w\" sizes=\"auto, (max-width: 233px) 100vw, 233px\" \/><\/a><\/p>\n<p style=\"text-align: center;\"><b>EL CONTRACTE DUAL ,<\/b><strong><b><i>Captem talent\u00a0 a cost red\u00fcit<\/i><\/b><\/strong><\/p>\n<p style=\"text-align: center;\">\n","protected":false},"excerpt":{"rendered":"<p>La Cambra de Comer\u00e7 de Lleida ha acollit avui 17 de Juny de 2026 la jornada \u201cEl contracte DUAL: captem talent a cost redu\u00eft\u201d, una iniciativa adre\u00e7ada a empreses interessades a con\u00e8ixer les oportunitats que ofereix la Formaci\u00f3 Professional Dual per incorporar talent qualificat i&hellip;  <a href=\"https:\/\/agora.xtec.cat\/fpdual\/general\/el-contracte-dual-es-consolida-com-una-eina-estrategica-per-captar-i-formar-talent-a-les-empreses\/\" title=\"Read El contracte DUAL es consolida com una eina estrat\u00e8gica per captar i formar talent a les empreses\">Llegeix m\u00e9s\u00bb<\/a><\/p>\n","protected":false},"author":326,"featured_media":20050,"comment_status":"open","ping_status":"open","sticky":false,"template":"","format":"standard","meta":{"_bbp_topic_count":0,"_bbp_reply_count":0,"_bbp_total_topic_count":0,"_bbp_total_reply_count":0,"_bbp_voice_count":0,"_bbp_anonymous_reply_count":0,"_bbp_topic_count_hidden":0,"_bbp_reply_count_hidden":0,"_bbp_forum_subforum_count":0,"footnotes":""},"categories":[1,29],"tags":[],"class_list":["post-20048","post","type-post","status-publish","format-standard","has-post-thumbnail","hentry","category-general","category-portada"],"post_mailing_queue_ids":[],"_links":{"self":[{"href":"https:\/\/agora.xtec.cat\/fpdual\/wp-json\/wp\/v2\/posts\/20048","targetHints":{"allow":["GET"]}}],"collection":[{"href":"https:\/\/agora.xtec.cat\/fpdual\/wp-json\/wp\/v2\/posts"}],"about":[{"href":"https:\/\/agora.xtec.cat\/fpdual\/wp-json\/wp\/v2\/types\/post"}],"author":[{"embeddable":true,"href":"https:\/\/agora.xtec.cat\/fpdual\/wp-json\/wp\/v2\/users\/326"}],"replies":[{"embeddable":true,"href":"https:\/\/agora.xtec.cat\/fpdual\/wp-json\/wp\/v2\/comments?post=20048"}],"version-history":[{"count":3,"href":"https:\/\/agora.xtec.cat\/fpdual\/wp-json\/wp\/v2\/posts\/20048\/revisions"}],"predecessor-version":[{"id":20066,"href":"https:\/\/agora.xtec.cat\/fpdual\/wp-json\/wp\/v2\/posts\/20048\/revisions\/20066"}],"wp:featuredmedia":[{"embeddable":true,"href":"https:\/\/agora.xtec.cat\/fpdual\/wp-json\/wp\/v2\/media\/20050"}],"wp:attachment":[{"href":"https:\/\/agora.xtec.cat\/fpdual\/wp-json\/wp\/v2\/media?parent=20048"}],"wp:term":[{"taxonomy":"category","embeddable":true,"href":"https:\/\/agora.xtec.cat\/fpdual\/wp-json\/wp\/v2\/categories?post=20048"},{"taxonomy":"post_tag","embeddable":true,"href":"https:\/\/agora.xtec.cat\/fpdual\/wp-json\/wp\/v2\/tags?post=20048"}],"curies":[{"name":"wp","href":"https:\/\/api.w.org\/{rel}","templated":true}]}}