{"id":19959,"date":"2026-04-10T08:48:08","date_gmt":"2026-04-10T06:48:08","guid":{"rendered":"https:\/\/agora.xtec.cat\/fpdual\/?p=19959"},"modified":"2026-04-10T08:48:08","modified_gmt":"2026-04-10T06:48:08","slug":"lempresa-essity-i-linstitut-jaume-huguet-consoliden-lexcellencia-en-lfp-dual","status":"publish","type":"post","link":"https:\/\/agora.xtec.cat\/fpdual\/general\/lempresa-essity-i-linstitut-jaume-huguet-consoliden-lexcellencia-en-lfp-dual\/","title":{"rendered":"L\u2019empresa ESSITY i l\u2019Institut Jaume Huguet consoliden l&#8217;Excel\u00b7l\u00e8ncia en l\u2019FP Dual"},"content":{"rendered":"<p>L\u2019empresa ESSITY SPAIN SL, en col\u00b7laboraci\u00f3 amb l\u2019Institut Jaume Huguet, aquest 9 d&#8217;abril ha consolidat la certificaci\u00f3 d&#8217;excel\u00b7l\u00e8ncia en la qualitat del Servei d\u2019FP Dual. Aquest reconeixement ha estat possible gr\u00e0cies al desenvolupament conjunt amb la companyia sueca de la Formaci\u00f3 Professional en els cicles formatius de grau superior de Mecatr\u00f2nica Industrial i d\u2019Automatitzaci\u00f3 i Rob\u00f2tica.<\/p>\n<p>L\u2019acte de verificaci\u00f3 ha comptat amb una \u00e0mplia representaci\u00f3 dels agents implicats. Per part de l\u2019entitat certificadora Applus, hi ha assistit la Sra. Laura Barbero, responsable de dur a terme l\u2019auditoria externa. Per part de l\u2019empresa ESSITY: el Sr. Pere Marc Franquet, coordinador de millora cont\u00ednua, i la Sra. Laura Molina, tutora d\u2019FP Dual. Per part de l\u2019Institut Jaume Huguet: la Sra. No\u00e8lia Tuset, coordinadora de Qualitat, i la Sra. Neus Budesca, coordinadora d\u2019FP Dual.I per part del Departament d&#8217;Educaci\u00f3 i Formaci\u00f3 Professional: el Sr. Marc Donadeu, del Servei de Programes i Projectes de Foment dels Ensenyaments Professionals.<\/p>\n<p>Amb aquesta distinci\u00f3, Valls es consolida com a referent en l\u2019\u00e0mbit de l\u2019FP Dual. Una vegada m\u00e9s, la Formaci\u00f3 Professional de l\u2019Institut Jaume Huguet es posa de manifest com un instrument efica\u00e7 per a la preparaci\u00f3 dels joves, facilitant-los l&#8217;acc\u00e9s a llocs de treball qualificats.<\/p>\n<p>El Servei d\u2019FP Dual constitueix un proc\u00e9s integrat dins el model d&#8217;ensenyament-aprenentatge de l\u2019Institut, implantat i certificat en el sistema de gesti\u00f3 integrat del centre, basat en les normes ISO 9001 i ISO 45001, i desenvolupat conjuntament amb les empreses col\u00b7laboradores. En aquest marc, s\u2019ha creat un segell de qualitat i s&#8217;han establert uns requisits que han de complir totes les empreses que vulguin obtenir-lo. El certificat ha estat em\u00e8s per l\u2019empresa APPLUS, despr\u00e9s de la visita de l\u2019equip auditor a l\u2019empresa, assolint ESSITY el nivell m\u00e0xim certificable.<a href=\"https:\/\/agora.xtec.cat\/fpdual\/wp-content\/uploads\/usu1832\/2026\/04\/20260409_100755-scaled.jpg\"><img loading=\"lazy\" decoding=\"async\" class=\"alignnone size-medium wp-image-19960\" src=\"https:\/\/agora.xtec.cat\/fpdual\/wp-content\/uploads\/usu1832\/2026\/04\/20260409_100755-300x179.jpg\" alt=\"\" width=\"300\" height=\"179\" srcset=\"https:\/\/agora.xtec.cat\/fpdual\/wp-content\/uploads\/usu1832\/2026\/04\/20260409_100755-300x179.jpg 300w, https:\/\/agora.xtec.cat\/fpdual\/wp-content\/uploads\/usu1832\/2026\/04\/20260409_100755-1024x613.jpg 1024w, https:\/\/agora.xtec.cat\/fpdual\/wp-content\/uploads\/usu1832\/2026\/04\/20260409_100755-768x459.jpg 768w, https:\/\/agora.xtec.cat\/fpdual\/wp-content\/uploads\/usu1832\/2026\/04\/20260409_100755-1536x919.jpg 1536w, https:\/\/agora.xtec.cat\/fpdual\/wp-content\/uploads\/usu1832\/2026\/04\/20260409_100755-2048x1225.jpg 2048w\" sizes=\"auto, (max-width: 300px) 100vw, 300px\" \/><\/a><\/p>\n","protected":false},"excerpt":{"rendered":"<p>L\u2019empresa ESSITY SPAIN SL, en col\u00b7laboraci\u00f3 amb l\u2019Institut Jaume Huguet, aquest 9 d&#8217;abril ha consolidat la certificaci\u00f3 d&#8217;excel\u00b7l\u00e8ncia en la qualitat del Servei d\u2019FP Dual. Aquest reconeixement ha estat possible gr\u00e0cies al desenvolupament conjunt amb la companyia sueca de la Formaci\u00f3 Professional en els cicles&hellip;  <a href=\"https:\/\/agora.xtec.cat\/fpdual\/general\/lempresa-essity-i-linstitut-jaume-huguet-consoliden-lexcellencia-en-lfp-dual\/\" title=\"Read L\u2019empresa ESSITY i l\u2019Institut Jaume Huguet consoliden l&#8217;Excel\u00b7l\u00e8ncia en l\u2019FP Dual\">Llegeix m\u00e9s\u00bb<\/a><\/p>\n","protected":false},"author":373,"featured_media":19960,"comment_status":"open","ping_status":"open","sticky":false,"template":"","format":"standard","meta":{"_bbp_topic_count":0,"_bbp_reply_count":0,"_bbp_total_topic_count":0,"_bbp_total_reply_count":0,"_bbp_voice_count":0,"_bbp_anonymous_reply_count":0,"_bbp_topic_count_hidden":0,"_bbp_reply_count_hidden":0,"_bbp_forum_subforum_count":0,"footnotes":""},"categories":[1,29],"tags":[],"class_list":["post-19959","post","type-post","status-publish","format-standard","has-post-thumbnail","hentry","category-general","category-portada"],"post_mailing_queue_ids":[],"_links":{"self":[{"href":"https:\/\/agora.xtec.cat\/fpdual\/wp-json\/wp\/v2\/posts\/19959","targetHints":{"allow":["GET"]}}],"collection":[{"href":"https:\/\/agora.xtec.cat\/fpdual\/wp-json\/wp\/v2\/posts"}],"about":[{"href":"https:\/\/agora.xtec.cat\/fpdual\/wp-json\/wp\/v2\/types\/post"}],"author":[{"embeddable":true,"href":"https:\/\/agora.xtec.cat\/fpdual\/wp-json\/wp\/v2\/users\/373"}],"replies":[{"embeddable":true,"href":"https:\/\/agora.xtec.cat\/fpdual\/wp-json\/wp\/v2\/comments?post=19959"}],"version-history":[{"count":1,"href":"https:\/\/agora.xtec.cat\/fpdual\/wp-json\/wp\/v2\/posts\/19959\/revisions"}],"predecessor-version":[{"id":19961,"href":"https:\/\/agora.xtec.cat\/fpdual\/wp-json\/wp\/v2\/posts\/19959\/revisions\/19961"}],"wp:featuredmedia":[{"embeddable":true,"href":"https:\/\/agora.xtec.cat\/fpdual\/wp-json\/wp\/v2\/media\/19960"}],"wp:attachment":[{"href":"https:\/\/agora.xtec.cat\/fpdual\/wp-json\/wp\/v2\/media?parent=19959"}],"wp:term":[{"taxonomy":"category","embeddable":true,"href":"https:\/\/agora.xtec.cat\/fpdual\/wp-json\/wp\/v2\/categories?post=19959"},{"taxonomy":"post_tag","embeddable":true,"href":"https:\/\/agora.xtec.cat\/fpdual\/wp-json\/wp\/v2\/tags?post=19959"}],"curies":[{"name":"wp","href":"https:\/\/api.w.org\/{rel}","templated":true}]}}