{"id":5708,"date":"2026-06-01T15:04:34","date_gmt":"2026-06-01T13:04:34","guid":{"rendered":"https:\/\/agora.xtec.cat\/esctorresamat\/?p=5708"},"modified":"2026-06-01T15:04:34","modified_gmt":"2026-06-01T13:04:34","slug":"i5-sortida-a-cardona-castell-i-muntanya-de-sal","status":"publish","type":"post","link":"https:\/\/agora.xtec.cat\/esctorresamat\/infantil\/i5-sortida-a-cardona-castell-i-muntanya-de-sal\/","title":{"rendered":"I5 &#8211; Sortida a Cardona: Castell i Muntanya de Sal"},"content":{"rendered":"<p>Fam\u00edlies,<\/p>\n<p>El dijous 28 de maig l&#8217;alumnat de I5 va anar d&#8217;excursi\u00f3 a Cardona. All\u00e0 van poder visitar el castell, una de les fortaleses medievals m\u00e9s importants de Catalunya, i on van poder veure de prop alguns dels aprenentatges fets a l&#8217;aula, durant el treball del projecte dels castells. Tot aix\u00f2 de la m\u00e0 de dos personatges que ens van acompanyar en el recorregut explicant-nos una llegenda.<\/p>\n<p>Despr\u00e9s tamb\u00e9 es va fer la visita a la muntanya de sal i van entrar dins la mina. All\u00e0 van viure una altra experi\u00e8ncia molt m\u00e0gica&#8230; van poder veure el M\u00e0gic Sal, personatge que s&#8217;amaga dins la mina i que poques persones han vist mai&#8230;<\/p>\n<p>Ens ho vam passar pipa!<\/p>\n<p>Si voleu veure m\u00e9s imatges cliqueu a la fotografia!<\/p>\n<p><a href=\"https:\/\/photos.app.goo.gl\/jqaxup7ppMLLgbMeA\"><img loading=\"lazy\" decoding=\"async\" class=\"alignnone  wp-image-5710\" src=\"https:\/\/agora.xtec.cat\/esctorresamat\/wp-content\/uploads\/usu1297\/2026\/05\/20260528_102039-300x225.jpg\" alt=\"\" width=\"383\" height=\"287\" srcset=\"https:\/\/agora.xtec.cat\/esctorresamat\/wp-content\/uploads\/usu1297\/2026\/05\/20260528_102039-300x225.jpg 300w, https:\/\/agora.xtec.cat\/esctorresamat\/wp-content\/uploads\/usu1297\/2026\/05\/20260528_102039-1024x768.jpg 1024w, https:\/\/agora.xtec.cat\/esctorresamat\/wp-content\/uploads\/usu1297\/2026\/05\/20260528_102039-768x576.jpg 768w, https:\/\/agora.xtec.cat\/esctorresamat\/wp-content\/uploads\/usu1297\/2026\/05\/20260528_102039-1536x1152.jpg 1536w, https:\/\/agora.xtec.cat\/esctorresamat\/wp-content\/uploads\/usu1297\/2026\/05\/20260528_102039-2048x1536.jpg 2048w, https:\/\/agora.xtec.cat\/esctorresamat\/wp-content\/uploads\/usu1297\/2026\/05\/20260528_102039-200x150.jpg 200w\" sizes=\"auto, (max-width: 383px) 100vw, 383px\" \/><\/a><\/p>\n<p>&nbsp;<\/p>\n","protected":false},"excerpt":{"rendered":"<p>Fam\u00edlies,<br \/>\nEl dijous 28 de maig l&#8217;alumnat de I5 va anar d&#8217;excursi\u00f3 a Cardona. All\u00e0 van poder visitar el castell, una de les fortaleses medievals m\u00e9s importants de Catalunya, i on van poder veure de prop alguns dels aprenentatges fets a l&#8217;aula, durant el treball del&hellip;  <a href=\"https:\/\/agora.xtec.cat\/esctorresamat\/infantil\/i5-sortida-a-cardona-castell-i-muntanya-de-sal\/\" title=\"Read I5 &#8211; Sortida a Cardona: Castell i Muntanya de Sal\">Llegeix m\u00e9s\u00bb<\/a><\/p>\n","protected":false},"author":11,"featured_media":5710,"comment_status":"closed","ping_status":"open","sticky":false,"template":"","format":"standard","meta":{"_bbp_topic_count":0,"_bbp_reply_count":0,"_bbp_total_topic_count":0,"_bbp_total_reply_count":0,"_bbp_voice_count":0,"_bbp_anonymous_reply_count":0,"_bbp_topic_count_hidden":0,"_bbp_reply_count_hidden":0,"_bbp_forum_subforum_count":0,"footnotes":""},"categories":[140,2,4],"tags":[],"class_list":["post-5708","post","type-post","status-publish","format-standard","has-post-thumbnail","hentry","category-promo_2020","category-infantil","category-portada"],"post_mailing_queue_ids":[],"_links":{"self":[{"href":"https:\/\/agora.xtec.cat\/esctorresamat\/wp-json\/wp\/v2\/posts\/5708","targetHints":{"allow":["GET"]}}],"collection":[{"href":"https:\/\/agora.xtec.cat\/esctorresamat\/wp-json\/wp\/v2\/posts"}],"about":[{"href":"https:\/\/agora.xtec.cat\/esctorresamat\/wp-json\/wp\/v2\/types\/post"}],"author":[{"embeddable":true,"href":"https:\/\/agora.xtec.cat\/esctorresamat\/wp-json\/wp\/v2\/users\/11"}],"replies":[{"embeddable":true,"href":"https:\/\/agora.xtec.cat\/esctorresamat\/wp-json\/wp\/v2\/comments?post=5708"}],"version-history":[{"count":4,"href":"https:\/\/agora.xtec.cat\/esctorresamat\/wp-json\/wp\/v2\/posts\/5708\/revisions"}],"predecessor-version":[{"id":5715,"href":"https:\/\/agora.xtec.cat\/esctorresamat\/wp-json\/wp\/v2\/posts\/5708\/revisions\/5715"}],"wp:featuredmedia":[{"embeddable":true,"href":"https:\/\/agora.xtec.cat\/esctorresamat\/wp-json\/wp\/v2\/media\/5710"}],"wp:attachment":[{"href":"https:\/\/agora.xtec.cat\/esctorresamat\/wp-json\/wp\/v2\/media?parent=5708"}],"wp:term":[{"taxonomy":"category","embeddable":true,"href":"https:\/\/agora.xtec.cat\/esctorresamat\/wp-json\/wp\/v2\/categories?post=5708"},{"taxonomy":"post_tag","embeddable":true,"href":"https:\/\/agora.xtec.cat\/esctorresamat\/wp-json\/wp\/v2\/tags?post=5708"}],"curies":[{"name":"wp","href":"https:\/\/api.w.org\/{rel}","templated":true}]}}