{"id":3371,"date":"2021-01-31T11:42:35","date_gmt":"2021-01-31T10:42:35","guid":{"rendered":"http:\/\/agora.xtec.cat\/escteresagodes\/?p=3371"},"modified":"2021-02-01T12:42:54","modified_gmt":"2021-02-01T11:42:54","slug":"denip-20-a-la-comunitat-dels-grans","status":"publish","type":"post","link":"https:\/\/agora.xtec.cat\/escteresagodes\/general\/denip-20-a-la-comunitat-dels-grans\/","title":{"rendered":"DENIP 21 a la comunitat dels grans"},"content":{"rendered":"<p>Benvolgudes i benvolguts,<\/p>\n<p>un curs m\u00e9s hem aprofitat el Dia Escolar de la Noviol\u00e8ncia i la Pau per visualitzar i parlar de forma m\u00e9s intensa i concreta qu\u00e8 vol dir la pau i la noviol\u00e8ncia. La pau no \u00e9s nom\u00e9s l\u2019abs\u00e8ncia de la guerra, sense just\u00edcia social i el reconeixement dels drets humans i socials de forma plena no podem parlar de pau. Per aix\u00f2 \u00e9s important con\u00e8ixer els nostres drets i eines per viure en la nostra societat sense viol\u00e8ncia, com que no ens trobem a una societat ideal \u00e9s important saber qu\u00e8 i com podem fer quan hem de reivindicar els drets humans b\u00e0sics.<\/p>\n<p>A la comunitat de grans, per portar a terme aquesta tasca de conscienciaci\u00f3,\u00a0 fem servir din\u00e0miques i rols-playings, propostes que permeten experimentar i traslladar de forma concreta com poder reivindicar els nostres drets. Us expliquem les tres que vam fer servir el 29 de gener!<\/p>\n<p><strong>El bar\u00f2metre de valors.<\/strong><\/p>\n<p>Per discutir, debatre i reivindicar \u00e9s necessari tenir un criteri propi, basat en la informaci\u00f3 i l&#8217;experi\u00e8ncia pr\u00f2pia. Constru\u00efm constantment aquest criteri, en la mesura que tenim experi\u00e8ncies i noves informacions podem anar canviant el criteri. Aquesta din\u00e0mica parteix d&#8217;enunciats i frases\u00a0 que la majoria d&#8217;infants han viscut o escoltat i que per tant s&#8217;han enfrontat. Els infants s&#8217;han de posicionar f\u00edsicament amb el seu criteri, a favor o en contra, m\u00e9s o menys. I mentre diuen i escolten els diferents criteris poden anar canviant de posici\u00f3, o no.<\/p>\n<p>Ahir vam tractar\u00a0 la prevenci\u00f3 de l&#8217;assetjament per xarxes socials i com defensar-se del mal tracte que es pugui rebre de diferents bandes, temes que poden generar neguit i molt malestar. \u00c9s molt interessant comprovar com els infants tenen molt clar qu\u00e8 i com preveure i defensar-se quan s\u00f3n interpelats directament, per\u00f2 tot es complica quan no hi ha suport, acompanyament dels adults i un cert seguiment per consolidar les idees que ja tenen clares.<\/p>\n<p>\u00c9s una din\u00e0mica que incideix en l&#8217;escolta activa, en el respecte a les opinions i en treballar el criteri propi.<\/p>\n<p><a href=\"https:\/\/agora.xtec.cat\/escteresagodes\/wp-content\/uploads\/usu1003\/2021\/01\/barometre-de-valors.jpg\"><img loading=\"lazy\" decoding=\"async\" class=\"wp-image-3372 size-full\" src=\"https:\/\/agora.xtec.cat\/escteresagodes\/wp-content\/uploads\/usu1003\/2021\/01\/barometre-de-valors.jpg\" alt=\"\" width=\"2240\" height=\"1680\" srcset=\"https:\/\/agora.xtec.cat\/escteresagodes\/wp-content\/uploads\/usu1003\/2021\/01\/barometre-de-valors.jpg 2240w, https:\/\/agora.xtec.cat\/escteresagodes\/wp-content\/uploads\/usu1003\/2021\/01\/barometre-de-valors-300x225.jpg 300w, https:\/\/agora.xtec.cat\/escteresagodes\/wp-content\/uploads\/usu1003\/2021\/01\/barometre-de-valors-768x576.jpg 768w, https:\/\/agora.xtec.cat\/escteresagodes\/wp-content\/uploads\/usu1003\/2021\/01\/barometre-de-valors-1024x768.jpg 1024w, https:\/\/agora.xtec.cat\/escteresagodes\/wp-content\/uploads\/usu1003\/2021\/01\/barometre-de-valors-200x150.jpg 200w\" sizes=\"auto, (max-width: 2240px) 100vw, 2240px\" \/><\/a><\/p>\n<p>&nbsp;<\/p>\n<p><a href=\"https:\/\/agora.xtec.cat\/escteresagodes\/wp-content\/uploads\/usu1003\/2021\/01\/IMG-20210131-WA0001.jpg\"><img loading=\"lazy\" decoding=\"async\" class=\"alignnone size-full wp-image-3373\" src=\"https:\/\/agora.xtec.cat\/escteresagodes\/wp-content\/uploads\/usu1003\/2021\/01\/IMG-20210131-WA0001.jpg\" alt=\"\" width=\"2048\" height=\"1536\" srcset=\"https:\/\/agora.xtec.cat\/escteresagodes\/wp-content\/uploads\/usu1003\/2021\/01\/IMG-20210131-WA0001.jpg 2048w, https:\/\/agora.xtec.cat\/escteresagodes\/wp-content\/uploads\/usu1003\/2021\/01\/IMG-20210131-WA0001-300x225.jpg 300w, https:\/\/agora.xtec.cat\/escteresagodes\/wp-content\/uploads\/usu1003\/2021\/01\/IMG-20210131-WA0001-768x576.jpg 768w, https:\/\/agora.xtec.cat\/escteresagodes\/wp-content\/uploads\/usu1003\/2021\/01\/IMG-20210131-WA0001-1024x768.jpg 1024w, https:\/\/agora.xtec.cat\/escteresagodes\/wp-content\/uploads\/usu1003\/2021\/01\/IMG-20210131-WA0001-200x150.jpg 200w\" sizes=\"auto, (max-width: 2048px) 100vw, 2048px\" \/><\/a><\/p>\n<p><strong>Creuem el riu<\/strong><\/p>\n<p>Aparentment \u00e9s un joc simple, un grup de persones ha de creuar un riu que \u00e9s profund i que no t\u00e9 un pont a prop. Per fer-ho cada persona t\u00e9 una pedra que permet trepitjar-la i no enfonsar-se, per\u00f2 que no es poden moure quan la coloquem. Per acabar b\u00e9 tothom ha de creuar el riu, no podem deixar ning\u00fa enrere. Aquesta vegada hem fet un parell d&#8217;afegitons, hem fet dos grups perqu\u00e8 erem 16 infants i a un dels grups els hi hem donat una &#8220;pedra&#8221; mida DIN-A4 i a l&#8217;altre una &#8220;pedra&#8221; de mida DIN-A3. No besc\u00e0vem la competici\u00f3, l&#8217;objectiu era arribar, per\u00f2 si que hem buscat crear una petitat injusticia o greu, podeu imaginar les dificultats afegides del grup de la pedra petita i \u00e9s que quan trepitges l&#8217;aigua ha de tornar enrere tot el grup.<\/p>\n<p>L&#8217;important de la din\u00e0mica \u00e9s: trobar la manera de creuar el riu amb una &#8220;pedra&#8221;, entendre que si no es fa la tasca en grup \u00e9s impossible, observar tota la negociaci\u00f3, com es manifesten i situen els alumnes, com ho porten a terme, qu\u00e8 succeeix amb els entrebancs i dificultats. I amb la injusticia!<\/p>\n<p>L&#8217;imatge mostra dos formes diferents de trobar solucions molt clares, en grup o de forma individual&#8230;.<\/p>\n<p><a href=\"https:\/\/agora.xtec.cat\/escteresagodes\/wp-content\/uploads\/usu1003\/2021\/01\/20210129_103033.jpg\"><img loading=\"lazy\" decoding=\"async\" class=\"alignnone size-full wp-image-3374\" src=\"https:\/\/agora.xtec.cat\/escteresagodes\/wp-content\/uploads\/usu1003\/2021\/01\/20210129_103033.jpg\" alt=\"\" width=\"3264\" height=\"2448\" srcset=\"https:\/\/agora.xtec.cat\/escteresagodes\/wp-content\/uploads\/usu1003\/2021\/01\/20210129_103033.jpg 3264w, https:\/\/agora.xtec.cat\/escteresagodes\/wp-content\/uploads\/usu1003\/2021\/01\/20210129_103033-300x225.jpg 300w, https:\/\/agora.xtec.cat\/escteresagodes\/wp-content\/uploads\/usu1003\/2021\/01\/20210129_103033-768x576.jpg 768w, https:\/\/agora.xtec.cat\/escteresagodes\/wp-content\/uploads\/usu1003\/2021\/01\/20210129_103033-1024x768.jpg 1024w, https:\/\/agora.xtec.cat\/escteresagodes\/wp-content\/uploads\/usu1003\/2021\/01\/20210129_103033-200x150.jpg 200w\" sizes=\"auto, (max-width: 3264px) 100vw, 3264px\" \/><\/a><\/p>\n<p><strong>La teranyina<\/strong><\/p>\n<p>Aquesta din\u00e0mica \u00e9s totalment grupal i es tracta de creuar una &#8220;teranyina&#8221;, tenint en compte que quan es creua un forat aquest es tapa (es pot introduir la variable que puguin passar dues persones per forat si el grup \u00e9s nombros) i que hi ha forats f\u00e0cil i molt dificils. Ah! I que quan es toca la tela tothom torna a l&#8217;altra banda&#8230;.<\/p>\n<p>Una din\u00e0mica de conversa, de cohesi\u00f3 i treball de grup que d\u00f3na molt joc i que, de forma distesa, permet remar en la mateixa direcci\u00f3, fins i tot entre persones que no ho acostumen a fer.<\/p>\n<p>\u00c9s important, sobretot en el cas de les din\u00e0miques <strong>creuar el riu i la teranyina<\/strong>, fer una posta en com\u00fa a l&#8217;acabar-les per analitzar qu\u00e8 ha passat i si podria haver anat d&#8217;una altra manera.<\/p>\n<p><a href=\"https:\/\/agora.xtec.cat\/escteresagodes\/wp-content\/uploads\/usu1003\/2021\/01\/teranyina-2.jpg\"><img loading=\"lazy\" decoding=\"async\" class=\"alignnone size-full wp-image-3375\" src=\"https:\/\/agora.xtec.cat\/escteresagodes\/wp-content\/uploads\/usu1003\/2021\/01\/teranyina-2.jpg\" alt=\"\" width=\"2187\" height=\"1640\" srcset=\"https:\/\/agora.xtec.cat\/escteresagodes\/wp-content\/uploads\/usu1003\/2021\/01\/teranyina-2.jpg 2187w, https:\/\/agora.xtec.cat\/escteresagodes\/wp-content\/uploads\/usu1003\/2021\/01\/teranyina-2-300x225.jpg 300w, https:\/\/agora.xtec.cat\/escteresagodes\/wp-content\/uploads\/usu1003\/2021\/01\/teranyina-2-768x576.jpg 768w, https:\/\/agora.xtec.cat\/escteresagodes\/wp-content\/uploads\/usu1003\/2021\/01\/teranyina-2-1024x768.jpg 1024w, https:\/\/agora.xtec.cat\/escteresagodes\/wp-content\/uploads\/usu1003\/2021\/01\/teranyina-2-200x150.jpg 200w\" sizes=\"auto, (max-width: 2187px) 100vw, 2187px\" \/><\/a> <a href=\"https:\/\/agora.xtec.cat\/escteresagodes\/wp-content\/uploads\/usu1003\/2021\/01\/teranyina.jpg\"><img loading=\"lazy\" decoding=\"async\" class=\"alignnone size-full wp-image-3376\" src=\"https:\/\/agora.xtec.cat\/escteresagodes\/wp-content\/uploads\/usu1003\/2021\/01\/teranyina.jpg\" alt=\"\" width=\"2200\" height=\"1650\" srcset=\"https:\/\/agora.xtec.cat\/escteresagodes\/wp-content\/uploads\/usu1003\/2021\/01\/teranyina.jpg 2200w, https:\/\/agora.xtec.cat\/escteresagodes\/wp-content\/uploads\/usu1003\/2021\/01\/teranyina-300x225.jpg 300w, https:\/\/agora.xtec.cat\/escteresagodes\/wp-content\/uploads\/usu1003\/2021\/01\/teranyina-768x576.jpg 768w, https:\/\/agora.xtec.cat\/escteresagodes\/wp-content\/uploads\/usu1003\/2021\/01\/teranyina-1024x768.jpg 1024w, https:\/\/agora.xtec.cat\/escteresagodes\/wp-content\/uploads\/usu1003\/2021\/01\/teranyina-200x150.jpg 200w\" sizes=\"auto, (max-width: 2200px) 100vw, 2200px\" \/><\/a><\/p>\n<p>A l&#8217;escola, al llarg del curs,\u00a0 treballem pel di\u00e0leg, per solucionar els malentesos i conflictes parlant i escoltant,\u00a0 per cuidar i ser respectats, per viure amb tota la pau que sigui possible.<\/p>\n<p><a href=\"https:\/\/www.google.com\/maps\/d\/u\/0\/edit?mid=1ZlmKyD6MCyA0saT6Jog1I3lhDo-zkCqF&amp;ll=42.74356302391182%2C8.561557474804527&amp;z=7\">Tamb\u00e9 podeu buscar a la resta d&#8217;escoles que participen en el mapa DENIP21!<\/a><\/p>\n","protected":false},"excerpt":{"rendered":"<p>Benvolgudes i benvolguts,<br \/>\nun curs m\u00e9s hem aprofitat el Dia Escolar de la Noviol\u00e8ncia i la Pau per visualitzar i parlar de forma m\u00e9s intensa i concreta qu\u00e8 vol dir la pau i la noviol\u00e8ncia. La pau no \u00e9s nom\u00e9s l\u2019abs\u00e8ncia de la guerra, sense just\u00edcia&hellip;  <a href=\"https:\/\/agora.xtec.cat\/escteresagodes\/general\/denip-20-a-la-comunitat-dels-grans\/\" title=\"Read DENIP 21 a la comunitat dels grans\">Llegeix m\u00e9s\u00bb<\/a><\/p>\n","protected":false},"author":1,"featured_media":3375,"comment_status":"open","ping_status":"closed","sticky":false,"template":"","format":"standard","meta":{"_bbp_topic_count":0,"_bbp_reply_count":0,"_bbp_total_topic_count":0,"_bbp_total_reply_count":0,"_bbp_voice_count":0,"_bbp_anonymous_reply_count":0,"_bbp_topic_count_hidden":0,"_bbp_reply_count_hidden":0,"_bbp_forum_subforum_count":0,"footnotes":""},"categories":[13,1,4],"tags":[195],"class_list":["post-3371","post","type-post","status-publish","format-standard","has-post-thumbnail","hentry","category-comunitat-dels-grans","category-general","category-portada","tag-denip"],"post_mailing_queue_ids":[],"_links":{"self":[{"href":"https:\/\/agora.xtec.cat\/escteresagodes\/wp-json\/wp\/v2\/posts\/3371","targetHints":{"allow":["GET"]}}],"collection":[{"href":"https:\/\/agora.xtec.cat\/escteresagodes\/wp-json\/wp\/v2\/posts"}],"about":[{"href":"https:\/\/agora.xtec.cat\/escteresagodes\/wp-json\/wp\/v2\/types\/post"}],"author":[{"embeddable":true,"href":"https:\/\/agora.xtec.cat\/escteresagodes\/wp-json\/wp\/v2\/users\/1"}],"replies":[{"embeddable":true,"href":"https:\/\/agora.xtec.cat\/escteresagodes\/wp-json\/wp\/v2\/comments?post=3371"}],"version-history":[{"count":3,"href":"https:\/\/agora.xtec.cat\/escteresagodes\/wp-json\/wp\/v2\/posts\/3371\/revisions"}],"predecessor-version":[{"id":3394,"href":"https:\/\/agora.xtec.cat\/escteresagodes\/wp-json\/wp\/v2\/posts\/3371\/revisions\/3394"}],"wp:featuredmedia":[{"embeddable":true,"href":"https:\/\/agora.xtec.cat\/escteresagodes\/wp-json\/wp\/v2\/media\/3375"}],"wp:attachment":[{"href":"https:\/\/agora.xtec.cat\/escteresagodes\/wp-json\/wp\/v2\/media?parent=3371"}],"wp:term":[{"taxonomy":"category","embeddable":true,"href":"https:\/\/agora.xtec.cat\/escteresagodes\/wp-json\/wp\/v2\/categories?post=3371"},{"taxonomy":"post_tag","embeddable":true,"href":"https:\/\/agora.xtec.cat\/escteresagodes\/wp-json\/wp\/v2\/tags?post=3371"}],"curies":[{"name":"wp","href":"https:\/\/api.w.org\/{rel}","templated":true}]}}