{"id":16788,"date":"2022-10-05T16:13:16","date_gmt":"2022-10-05T14:13:16","guid":{"rendered":"https:\/\/agora.xtec.cat\/escsolcunit\/?p=16788"},"modified":"2022-10-05T16:13:16","modified_gmt":"2022-10-05T14:13:16","slug":"raco-conferencies-els-llibres-que-estimo","status":"publish","type":"post","link":"https:\/\/agora.xtec.cat\/escsolcunit\/general\/primaria\/4t-curs-cicle-mitja\/raco-conferencies-els-llibres-que-estimo\/","title":{"rendered":"Rac\u00f3 Confer\u00e8ncies: els llibres que estimo&#8230;"},"content":{"rendered":"<p>Hola soc l`Alba i aquest \u00e9s el meu llibre preferit que \u00e9s MALINA PIES FRIOS. Avui he compartit el llibre amb la classe.<\/p>\n<p><a href=\"https:\/\/agora.xtec.cat\/escsolcunit\/wp-content\/uploads\/usu994\/2022\/10\/1664978443819-1.jpg\"><img loading=\"lazy\" decoding=\"async\" class=\"aligncenter size-medium wp-image-16789\" src=\"https:\/\/agora.xtec.cat\/escsolcunit\/wp-content\/uploads\/usu994\/2022\/10\/1664978443819-1-300x224.jpg\" alt=\"\" width=\"300\" height=\"224\" srcset=\"https:\/\/agora.xtec.cat\/escsolcunit\/wp-content\/uploads\/usu994\/2022\/10\/1664978443819-1-300x224.jpg 300w, https:\/\/agora.xtec.cat\/escsolcunit\/wp-content\/uploads\/usu994\/2022\/10\/1664978443819-1-1024x766.jpg 1024w, https:\/\/agora.xtec.cat\/escsolcunit\/wp-content\/uploads\/usu994\/2022\/10\/1664978443819-1-768x575.jpg 768w, https:\/\/agora.xtec.cat\/escsolcunit\/wp-content\/uploads\/usu994\/2022\/10\/1664978443819-1-1536x1149.jpg 1536w, https:\/\/agora.xtec.cat\/escsolcunit\/wp-content\/uploads\/usu994\/2022\/10\/1664978443819-1-2048x1532.jpg 2048w, https:\/\/agora.xtec.cat\/escsolcunit\/wp-content\/uploads\/usu994\/2022\/10\/1664978443819-1-200x150.jpg 200w\" sizes=\"auto, (max-width: 300px) 100vw, 300px\" \/><\/a><\/p>\n<p>Us deixem aqu\u00ed un v\u00eddeo del conte:<br \/>\n<iframe loading=\"lazy\" title=\"YouTube video player\" src=\"https:\/\/www.youtube.com\/embed\/wWj3AVvDTaw\" width=\"560\" height=\"315\" frameborder=\"0\" allowfullscreen=\"allowfullscreen\"><\/iframe><\/p>\n","protected":false},"excerpt":{"rendered":"<p>Hola soc l`Alba i aquest \u00e9s el meu llibre preferit que \u00e9s MALINA PIES FRIOS. Avui he compartit el llibre amb la classe.<br \/>\n<a href=\"https:\/\/agora.xtec.cat\/escsolcunit\/wp-content\/uploads\/usu994\/2022\/10\/1664978443819-1.jpg\"><\/a><br \/>\nUs deixem aqu\u00ed un v\u00eddeo del conte:<\/p>\n","protected":false},"author":11,"featured_media":16790,"comment_status":"open","ping_status":"closed","sticky":false,"template":"","format":"standard","meta":{"_bbp_topic_count":0,"_bbp_reply_count":0,"_bbp_total_topic_count":0,"_bbp_total_reply_count":0,"_bbp_voice_count":0,"_bbp_anonymous_reply_count":0,"_bbp_topic_count_hidden":0,"_bbp_reply_count_hidden":0,"_bbp_forum_subforum_count":0,"footnotes":""},"categories":[11],"tags":[304],"class_list":["post-16788","post","type-post","status-publish","format-standard","has-post-thumbnail","hentry","category-4t-curs-cicle-mitja","tag-4t"],"post_mailing_queue_ids":[],"_links":{"self":[{"href":"https:\/\/agora.xtec.cat\/escsolcunit\/wp-json\/wp\/v2\/posts\/16788","targetHints":{"allow":["GET"]}}],"collection":[{"href":"https:\/\/agora.xtec.cat\/escsolcunit\/wp-json\/wp\/v2\/posts"}],"about":[{"href":"https:\/\/agora.xtec.cat\/escsolcunit\/wp-json\/wp\/v2\/types\/post"}],"author":[{"embeddable":true,"href":"https:\/\/agora.xtec.cat\/escsolcunit\/wp-json\/wp\/v2\/users\/11"}],"replies":[{"embeddable":true,"href":"https:\/\/agora.xtec.cat\/escsolcunit\/wp-json\/wp\/v2\/comments?post=16788"}],"version-history":[{"count":1,"href":"https:\/\/agora.xtec.cat\/escsolcunit\/wp-json\/wp\/v2\/posts\/16788\/revisions"}],"predecessor-version":[{"id":16791,"href":"https:\/\/agora.xtec.cat\/escsolcunit\/wp-json\/wp\/v2\/posts\/16788\/revisions\/16791"}],"wp:featuredmedia":[{"embeddable":true,"href":"https:\/\/agora.xtec.cat\/escsolcunit\/wp-json\/wp\/v2\/media\/16790"}],"wp:attachment":[{"href":"https:\/\/agora.xtec.cat\/escsolcunit\/wp-json\/wp\/v2\/media?parent=16788"}],"wp:term":[{"taxonomy":"category","embeddable":true,"href":"https:\/\/agora.xtec.cat\/escsolcunit\/wp-json\/wp\/v2\/categories?post=16788"},{"taxonomy":"post_tag","embeddable":true,"href":"https:\/\/agora.xtec.cat\/escsolcunit\/wp-json\/wp\/v2\/tags?post=16788"}],"curies":[{"name":"wp","href":"https:\/\/api.w.org\/{rel}","templated":true}]}}