{"id":321,"date":"2017-05-24T16:58:26","date_gmt":"2017-05-24T14:58:26","guid":{"rendered":"http:\/\/agora.xtec.cat\/escsantnicolau\/?p=321"},"modified":"2017-05-24T16:58:26","modified_gmt":"2017-05-24T14:58:26","slug":"el-bibliobus-arriba-a-lescola","status":"publish","type":"post","link":"https:\/\/agora.xtec.cat\/escsantnicolau\/general\/el-bibliobus-arriba-a-lescola\/","title":{"rendered":"EL BIBLIOB\u00daS ARRIBA A L&#8217;ESCOLA"},"content":{"rendered":"<p><a href=\"http:\/\/agora.xtec.cat\/escsantnicolau\/wp-content\/uploads\/usu1034\/2017\/05\/bibliob\u00fas.jpg\"><img loading=\"lazy\" decoding=\"async\" class=\"alignnone size-large wp-image-324\" src=\"http:\/\/agora.xtec.cat\/escsantnicolau\/wp-content\/uploads\/usu1034\/2017\/05\/bibliob\u00fas.jpg\" alt=\"bibliob\u00fas\" width=\"640\" height=\"427\" srcset=\"https:\/\/agora.xtec.cat\/escsantnicolau\/wp-content\/uploads\/usu1034\/2017\/05\/bibliob\u00fas.jpg 640w, https:\/\/agora.xtec.cat\/escsantnicolau\/wp-content\/uploads\/usu1034\/2017\/05\/bibliob\u00fas-300x200.jpg 300w\" sizes=\"auto, (max-width: 640px) 100vw, 640px\" \/><\/a><\/p>\n<p>Els nois i noies de cinqu\u00e8 han rebut el bibliob\u00fas amb molta alegria.<\/p>\n<p>A l&#8217;octubre del 2016 van presentar una carta a l&#8217;alcaldessa Rosa Ma Huguet, fent la petici\u00f3 d&#8217;una biblioteca per al poble i en el seu defecte aconseguir que el bibliob\u00fas vingu\u00e9s fins al nostre centre i tingu\u00e9s horari escolar per poder-lo visitar i fer activitats conjuntes. Avui aquesta petici\u00f3 s&#8217;ha fet realitat.<\/p>\n<p>Des d&#8217;aquesta p\u00e0gina volem agrair a l&#8217;Ajuntament totes les gestions fetes per donar resposta a les inquietuds dels nostres nens i nenes que cada cop s\u00f3n m\u00e9s grans lectors.<\/p>\n<p><a href=\"http:\/\/agora.xtec.cat\/escsantnicolau\/wp-content\/uploads\/usu1034\/2017\/05\/bibliob\u00fas-1.jpg\"><img loading=\"lazy\" decoding=\"async\" class=\"alignnone size-full wp-image-322\" src=\"http:\/\/agora.xtec.cat\/escsantnicolau\/wp-content\/uploads\/usu1034\/2017\/05\/bibliob\u00fas-1.jpg\" alt=\"bibliob\u00fas 1\" width=\"640\" height=\"427\" srcset=\"https:\/\/agora.xtec.cat\/escsantnicolau\/wp-content\/uploads\/usu1034\/2017\/05\/bibliob\u00fas-1.jpg 640w, https:\/\/agora.xtec.cat\/escsantnicolau\/wp-content\/uploads\/usu1034\/2017\/05\/bibliob\u00fas-1-300x200.jpg 300w\" sizes=\"auto, (max-width: 640px) 100vw, 640px\" \/><\/a> <a href=\"http:\/\/agora.xtec.cat\/escsantnicolau\/wp-content\/uploads\/usu1034\/2017\/05\/bibliob\u00fas-3.jpg\"><img loading=\"lazy\" decoding=\"async\" class=\"alignnone size-full wp-image-323\" src=\"http:\/\/agora.xtec.cat\/escsantnicolau\/wp-content\/uploads\/usu1034\/2017\/05\/bibliob\u00fas-3.jpg\" alt=\"bibliob\u00fas 3\" width=\"640\" height=\"427\" srcset=\"https:\/\/agora.xtec.cat\/escsantnicolau\/wp-content\/uploads\/usu1034\/2017\/05\/bibliob\u00fas-3.jpg 640w, https:\/\/agora.xtec.cat\/escsantnicolau\/wp-content\/uploads\/usu1034\/2017\/05\/bibliob\u00fas-3-300x200.jpg 300w\" sizes=\"auto, (max-width: 640px) 100vw, 640px\" \/><\/a><\/p>\n","protected":false},"excerpt":{"rendered":"<p><a href=\"http:\/\/agora.xtec.cat\/escsantnicolau\/wp-content\/uploads\/usu1034\/2017\/05\/bibliob\u00fas.jpg\"><\/a><br \/>\nEls nois i noies de cinqu\u00e8 han rebut el bibliob\u00fas amb molta alegria.<br \/>\nA l&#8217;octubre del 2016 van presentar una carta a l&#8217;alcaldessa Rosa Ma Huguet, fent la petici\u00f3 d&#8217;una biblioteca per al poble i en el seu defecte aconseguir que el bibliob\u00fas vingu\u00e9s fins&hellip;  <a href=\"https:\/\/agora.xtec.cat\/escsantnicolau\/general\/el-bibliobus-arriba-a-lescola\/\" title=\"Read EL BIBLIOB\u00daS ARRIBA A L&#8217;ESCOLA\">Llegeix m\u00e9s\u00bb<\/a><\/p>\n","protected":false},"author":1,"featured_media":324,"comment_status":"open","ping_status":"open","sticky":false,"template":"","format":"standard","meta":{"_bbp_topic_count":0,"_bbp_reply_count":0,"_bbp_total_topic_count":0,"_bbp_total_reply_count":0,"_bbp_voice_count":0,"_bbp_anonymous_reply_count":0,"_bbp_topic_count_hidden":0,"_bbp_reply_count_hidden":0,"_bbp_forum_subforum_count":0,"footnotes":""},"categories":[1,4],"tags":[],"class_list":["post-321","post","type-post","status-publish","format-standard","has-post-thumbnail","hentry","category-general","category-portada"],"post_mailing_queue_ids":[],"_links":{"self":[{"href":"https:\/\/agora.xtec.cat\/escsantnicolau\/wp-json\/wp\/v2\/posts\/321","targetHints":{"allow":["GET"]}}],"collection":[{"href":"https:\/\/agora.xtec.cat\/escsantnicolau\/wp-json\/wp\/v2\/posts"}],"about":[{"href":"https:\/\/agora.xtec.cat\/escsantnicolau\/wp-json\/wp\/v2\/types\/post"}],"author":[{"embeddable":true,"href":"https:\/\/agora.xtec.cat\/escsantnicolau\/wp-json\/wp\/v2\/users\/1"}],"replies":[{"embeddable":true,"href":"https:\/\/agora.xtec.cat\/escsantnicolau\/wp-json\/wp\/v2\/comments?post=321"}],"version-history":[{"count":1,"href":"https:\/\/agora.xtec.cat\/escsantnicolau\/wp-json\/wp\/v2\/posts\/321\/revisions"}],"predecessor-version":[{"id":325,"href":"https:\/\/agora.xtec.cat\/escsantnicolau\/wp-json\/wp\/v2\/posts\/321\/revisions\/325"}],"wp:featuredmedia":[{"embeddable":true,"href":"https:\/\/agora.xtec.cat\/escsantnicolau\/wp-json\/wp\/v2\/media\/324"}],"wp:attachment":[{"href":"https:\/\/agora.xtec.cat\/escsantnicolau\/wp-json\/wp\/v2\/media?parent=321"}],"wp:term":[{"taxonomy":"category","embeddable":true,"href":"https:\/\/agora.xtec.cat\/escsantnicolau\/wp-json\/wp\/v2\/categories?post=321"},{"taxonomy":"post_tag","embeddable":true,"href":"https:\/\/agora.xtec.cat\/escsantnicolau\/wp-json\/wp\/v2\/tags?post=321"}],"curies":[{"name":"wp","href":"https:\/\/api.w.org\/{rel}","templated":true}]}}