{"id":2975,"date":"2025-03-11T13:27:27","date_gmt":"2025-03-11T12:27:27","guid":{"rendered":"https:\/\/agora.xtec.cat\/escsantnicolau\/?p=2975"},"modified":"2025-03-11T13:36:24","modified_gmt":"2025-03-11T12:36:24","slug":"calendari-de-preincripcions-pel-curs-25-26","status":"publish","type":"post","link":"https:\/\/agora.xtec.cat\/escsantnicolau\/general\/calendari-de-preincripcions-pel-curs-25-26\/","title":{"rendered":"CALENDARI DE PREINCRIPCIONS PEL CURS 25-26"},"content":{"rendered":"<p>Hola, fam\u00edlies,<\/p>\n<p>Aqu\u00ed teniu les dates clau per realitzar la preinscripci\u00f3 escolar pel curs 25-26.<\/p>\n<p>Tot i aix\u00ed, us deixem l&#8217;enlla\u00e7 del web Gencat on teniu tota la informaci\u00f3 necess\u00e0ria.<\/p>\n<p>https:\/\/preinscripcio.gencat.cat\/ca\/inici\/index.html<\/p>\n<p><a href=\"https:\/\/agora.xtec.cat\/escsantnicolau\/wp-content\/uploads\/usu1034\/2025\/03\/Calendari-preinscripcio-2025_26-1-scaled.jpg\"><img loading=\"lazy\" decoding=\"async\" class=\"alignnone size-large wp-image-2976\" src=\"https:\/\/agora.xtec.cat\/escsantnicolau\/wp-content\/uploads\/usu1034\/2025\/03\/Calendari-preinscripcio-2025_26-1-724x1024.jpg\" alt=\"\" width=\"724\" height=\"1024\" srcset=\"https:\/\/agora.xtec.cat\/escsantnicolau\/wp-content\/uploads\/usu1034\/2025\/03\/Calendari-preinscripcio-2025_26-1-724x1024.jpg 724w, https:\/\/agora.xtec.cat\/escsantnicolau\/wp-content\/uploads\/usu1034\/2025\/03\/Calendari-preinscripcio-2025_26-1-212x300.jpg 212w, https:\/\/agora.xtec.cat\/escsantnicolau\/wp-content\/uploads\/usu1034\/2025\/03\/Calendari-preinscripcio-2025_26-1-768x1086.jpg 768w, https:\/\/agora.xtec.cat\/escsantnicolau\/wp-content\/uploads\/usu1034\/2025\/03\/Calendari-preinscripcio-2025_26-1-1086x1536.jpg 1086w, https:\/\/agora.xtec.cat\/escsantnicolau\/wp-content\/uploads\/usu1034\/2025\/03\/Calendari-preinscripcio-2025_26-1-1448x2048.jpg 1448w, https:\/\/agora.xtec.cat\/escsantnicolau\/wp-content\/uploads\/usu1034\/2025\/03\/Calendari-preinscripcio-2025_26-1-scaled.jpg 1810w\" sizes=\"auto, (max-width: 724px) 100vw, 724px\" \/><\/a><\/p>\n","protected":false},"excerpt":{"rendered":"<p>Hola, fam\u00edlies,<br \/>\nAqu\u00ed teniu les dates clau per realitzar la preinscripci\u00f3 escolar pel curs 25-26.<br \/>\nTot i aix\u00ed, us deixem l&#8217;enlla\u00e7 del web Gencat on teniu tota la informaci\u00f3 necess\u00e0ria.<br \/>\nhttps:\/\/preinscripcio.gencat.cat\/ca\/inici\/index.html<br \/>\n<a href=\"https:\/\/agora.xtec.cat\/escsantnicolau\/wp-content\/uploads\/usu1034\/2025\/03\/Calendari-preinscripcio-2025_26-1-scaled.jpg\"><\/a><\/p>\n","protected":false},"author":1,"featured_media":0,"comment_status":"open","ping_status":"closed","sticky":false,"template":"","format":"standard","meta":{"_bbp_topic_count":0,"_bbp_reply_count":0,"_bbp_total_topic_count":0,"_bbp_total_reply_count":0,"_bbp_voice_count":0,"_bbp_anonymous_reply_count":0,"_bbp_topic_count_hidden":0,"_bbp_reply_count_hidden":0,"_bbp_forum_subforum_count":0,"footnotes":""},"categories":[1,2,4,5],"tags":[],"class_list":["post-2975","post","type-post","status-publish","format-standard","hentry","category-general","category-infantil","category-portada","category-primaria"],"post_mailing_queue_ids":[],"_links":{"self":[{"href":"https:\/\/agora.xtec.cat\/escsantnicolau\/wp-json\/wp\/v2\/posts\/2975","targetHints":{"allow":["GET"]}}],"collection":[{"href":"https:\/\/agora.xtec.cat\/escsantnicolau\/wp-json\/wp\/v2\/posts"}],"about":[{"href":"https:\/\/agora.xtec.cat\/escsantnicolau\/wp-json\/wp\/v2\/types\/post"}],"author":[{"embeddable":true,"href":"https:\/\/agora.xtec.cat\/escsantnicolau\/wp-json\/wp\/v2\/users\/1"}],"replies":[{"embeddable":true,"href":"https:\/\/agora.xtec.cat\/escsantnicolau\/wp-json\/wp\/v2\/comments?post=2975"}],"version-history":[{"count":1,"href":"https:\/\/agora.xtec.cat\/escsantnicolau\/wp-json\/wp\/v2\/posts\/2975\/revisions"}],"predecessor-version":[{"id":2977,"href":"https:\/\/agora.xtec.cat\/escsantnicolau\/wp-json\/wp\/v2\/posts\/2975\/revisions\/2977"}],"wp:attachment":[{"href":"https:\/\/agora.xtec.cat\/escsantnicolau\/wp-json\/wp\/v2\/media?parent=2975"}],"wp:term":[{"taxonomy":"category","embeddable":true,"href":"https:\/\/agora.xtec.cat\/escsantnicolau\/wp-json\/wp\/v2\/categories?post=2975"},{"taxonomy":"post_tag","embeddable":true,"href":"https:\/\/agora.xtec.cat\/escsantnicolau\/wp-json\/wp\/v2\/tags?post=2975"}],"curies":[{"name":"wp","href":"https:\/\/api.w.org\/{rel}","templated":true}]}}