{"id":2935,"date":"2024-02-27T16:28:49","date_gmt":"2024-02-27T15:28:49","guid":{"rendered":"https:\/\/agora.xtec.cat\/escsantnicolau\/?p=2935"},"modified":"2024-02-27T16:44:59","modified_gmt":"2024-02-27T15:44:59","slug":"com-fer-la-preincripcio-al-curs-24-25","status":"publish","type":"post","link":"https:\/\/agora.xtec.cat\/escsantnicolau\/general\/com-fer-la-preincripcio-al-curs-24-25\/","title":{"rendered":"COM FER LA PREINCRIPCI\u00d3 AL CURS 24-25 (del 6 al 20 de mar\u00e7)"},"content":{"rendered":"<p>Benvolgudes fam\u00edlies.<\/p>\n<p>Us recordem que enguany la preinscripci\u00f3 a les escoles p\u00fabliques de Catalunya es far\u00e0 de forma <span style=\"text-decoration: underline;\">telem\u00e0tica.<\/span><\/p>\n<p>\u00c9s per aix\u00f2 que <strong>necessitareu<\/strong>:\u00a0El Dni electr\u00f2nic, la T-CAT, el sistema Cl@ve o l&#8217;<a href=\"https:\/\/web.gencat.cat\/ca\/tramits\/que-cal-fer-si\/Vull-identificar-me-digitalment\/idcat-mobil\/\">idCAT M\u00f2bil<\/a><\/p>\n<p>LA PREINSCRIPCI\u00d3 ES PODR\u00c0 FER DEL 6 AL 20 DE MAR\u00c7 DEL 2024.<\/p>\n<p>A continuaci\u00f3 us deixem la informaci\u00f3 de com fer-ho que facilita el Departament d&#8217;Educaci\u00f3. En aquests enlla\u00e7os trobareu v\u00eddeos, \u00e0udios i tota l&#8217;ajuda necess\u00e0ria per guiar-vos pas a pas durant la preinscripci\u00f3.<\/p>\n<p><strong>PREINSCRIPCI\u00d3 ETAPA EDUCACI\u00d3 INFANTIL (3-6 anys) <span style=\"text-decoration: underline;\">DEL 6 AL 20 DE MAR\u00c7 DEL 2024<\/span><\/strong><\/p>\n<p><a href=\"https:\/\/preinscripcio.gencat.cat\/ca\/estudis\/infantil-3-6\/inici\/\">https:\/\/preinscripcio.gencat.cat\/ca\/estudis\/infantil-3-6\/inici\/<\/a><\/p>\n<p><strong>PREINSCRIPCI\u00d3 PRIM\u00c0RIA DEL <span style=\"text-decoration: underline;\">6 AL 20 DE MAR\u00c7 DEL 2024<\/span><\/strong><\/p>\n<p><a href=\"https:\/\/preinscripcio.gencat.cat\/ca\/estudis\/primaria\/inici\/\">https:\/\/preinscripcio.gencat.cat\/ca\/estudis\/primaria\/inici\/<\/a><\/p>\n<p>Tot i que aquesta informaci\u00f3 tamb\u00e9 la trobareu en aquests dos enlla\u00e7os que us hem facilitat, aqu\u00ed teniu un resum de tota la documentaci\u00f3 que necessitareu tenir a l&#8217;abast en el moment de fer la preinscripci\u00f3.<\/p>\n<ul>\n<li>Llibre de fam\u00edlia o altres documents relatius a la filiaci\u00f3, tot sencer<\/li>\n<li>DNI, passaport o altres documents d\u2019identitat <strong>vigents<\/strong> del nen\/a, pare, mare o tutors legals.<\/li>\n<li>Certificaci\u00f3 municipal de conviv\u00e8ncia i resguard de la renovaci\u00f3 del DNI quan el domicili que s\u2019al\u00b7lega no coincideixi amb el DNI.<\/li>\n<li>Documentaci\u00f3 acreditativa (<strong>contracte laboral o un certificat em\u00e8s per l&#8217;empresa)<\/strong> on es deixa const\u00e0ncia del domicili del lloc de treball , si aquest \u00e9s el que s\u2019al\u00b7lega.<\/li>\n<li>Carnet de fam\u00edlia nombrosa vigent, si s\u2019al\u00b7lega aquesta condici\u00f3.<\/li>\n<li>Documentaci\u00f3 acreditativa de les circumst\u00e0ncies econ\u00f2miques, si s\u2019al\u00b7leguen a efectes de barem.<\/li>\n<li>Certificat de discapacitat expedit pel Departament de Drets Socials o els organismes competents en altres comunitats aut\u00f2nomes, si s\u2019al\u00b7lega aquesta circumst\u00e0ncia.<\/li>\n<\/ul>\n","protected":false},"excerpt":{"rendered":"<p>Benvolgudes fam\u00edlies.<br \/>\nUs recordem que enguany la preinscripci\u00f3 a les escoles p\u00fabliques de Catalunya es far\u00e0 de forma telem\u00e0tica.<br \/>\n\u00c9s per aix\u00f2 que necessitareu:\u00a0El Dni electr\u00f2nic, la T-CAT, el sistema Cl@ve o l&#8217;<a href=\"https:\/\/web.gencat.cat\/ca\/tramits\/que-cal-fer-si\/Vull-identificar-me-digitalment\/idcat-mobil\/\">idCAT M\u00f2bil<\/a><br \/>\nLA PREINSCRIPCI\u00d3 ES PODR\u00c0 FER DEL 6 AL 20 DE MAR\u00c7 DEL 2024.<br \/>\nA&hellip;  <a href=\"https:\/\/agora.xtec.cat\/escsantnicolau\/general\/com-fer-la-preincripcio-al-curs-24-25\/\" title=\"Read COM FER LA PREINCRIPCI\u00d3 AL CURS 24-25 (del 6 al 20 de mar\u00e7)\">Llegeix m\u00e9s\u00bb<\/a><\/p>\n","protected":false},"author":1,"featured_media":2933,"comment_status":"open","ping_status":"closed","sticky":false,"template":"","format":"standard","meta":{"_bbp_topic_count":0,"_bbp_reply_count":0,"_bbp_total_topic_count":0,"_bbp_total_reply_count":0,"_bbp_voice_count":0,"_bbp_anonymous_reply_count":0,"_bbp_topic_count_hidden":0,"_bbp_reply_count_hidden":0,"_bbp_forum_subforum_count":0,"footnotes":""},"categories":[1,2,4,5],"tags":[],"class_list":["post-2935","post","type-post","status-publish","format-standard","has-post-thumbnail","hentry","category-general","category-infantil","category-portada","category-primaria"],"post_mailing_queue_ids":[],"_links":{"self":[{"href":"https:\/\/agora.xtec.cat\/escsantnicolau\/wp-json\/wp\/v2\/posts\/2935","targetHints":{"allow":["GET"]}}],"collection":[{"href":"https:\/\/agora.xtec.cat\/escsantnicolau\/wp-json\/wp\/v2\/posts"}],"about":[{"href":"https:\/\/agora.xtec.cat\/escsantnicolau\/wp-json\/wp\/v2\/types\/post"}],"author":[{"embeddable":true,"href":"https:\/\/agora.xtec.cat\/escsantnicolau\/wp-json\/wp\/v2\/users\/1"}],"replies":[{"embeddable":true,"href":"https:\/\/agora.xtec.cat\/escsantnicolau\/wp-json\/wp\/v2\/comments?post=2935"}],"version-history":[{"count":2,"href":"https:\/\/agora.xtec.cat\/escsantnicolau\/wp-json\/wp\/v2\/posts\/2935\/revisions"}],"predecessor-version":[{"id":2942,"href":"https:\/\/agora.xtec.cat\/escsantnicolau\/wp-json\/wp\/v2\/posts\/2935\/revisions\/2942"}],"wp:featuredmedia":[{"embeddable":true,"href":"https:\/\/agora.xtec.cat\/escsantnicolau\/wp-json\/wp\/v2\/media\/2933"}],"wp:attachment":[{"href":"https:\/\/agora.xtec.cat\/escsantnicolau\/wp-json\/wp\/v2\/media?parent=2935"}],"wp:term":[{"taxonomy":"category","embeddable":true,"href":"https:\/\/agora.xtec.cat\/escsantnicolau\/wp-json\/wp\/v2\/categories?post=2935"},{"taxonomy":"post_tag","embeddable":true,"href":"https:\/\/agora.xtec.cat\/escsantnicolau\/wp-json\/wp\/v2\/tags?post=2935"}],"curies":[{"name":"wp","href":"https:\/\/api.w.org\/{rel}","templated":true}]}}