{"id":287,"date":"2017-04-22T09:47:52","date_gmt":"2017-04-22T07:47:52","guid":{"rendered":"http:\/\/agora.xtec.cat\/escsantnicolau\/?p=287"},"modified":"2017-05-08T17:19:26","modified_gmt":"2017-05-08T15:19:26","slug":"fem-radio-a-lescola","status":"publish","type":"post","link":"https:\/\/agora.xtec.cat\/escsantnicolau\/general\/fem-radio-a-lescola\/","title":{"rendered":"FEM R\u00c0DIO A L&#8217;ESCOLA"},"content":{"rendered":"<p>Els nois i noies de 5\u00e8 han iniciat un nou projecte i estan preparant diversos programes de r\u00e0dio que en breu es podran escoltar online.<\/p>\n<p>Hi podreu trobar noticies, entrevistes, m\u00fasica, tert\u00falies i moltes coses m\u00e9s.<\/p>\n<p><a href=\"http:\/\/agora.xtec.cat\/escsantnicolau\/wp-content\/uploads\/usu1034\/2017\/04\/radio-forever.jpg\"><img loading=\"lazy\" decoding=\"async\" class=\"wp-image-288 aligncenter\" src=\"http:\/\/agora.xtec.cat\/escsantnicolau\/wp-content\/uploads\/usu1034\/2017\/04\/radio-forever-1024x1024.jpg\" alt=\"radio forever\" width=\"200\" height=\"200\" srcset=\"https:\/\/agora.xtec.cat\/escsantnicolau\/wp-content\/uploads\/usu1034\/2017\/04\/radio-forever-1024x1024.jpg 1024w, https:\/\/agora.xtec.cat\/escsantnicolau\/wp-content\/uploads\/usu1034\/2017\/04\/radio-forever-150x150.jpg 150w, https:\/\/agora.xtec.cat\/escsantnicolau\/wp-content\/uploads\/usu1034\/2017\/04\/radio-forever-300x300.jpg 300w, https:\/\/agora.xtec.cat\/escsantnicolau\/wp-content\/uploads\/usu1034\/2017\/04\/radio-forever-768x768.jpg 768w, https:\/\/agora.xtec.cat\/escsantnicolau\/wp-content\/uploads\/usu1034\/2017\/04\/radio-forever.jpg 1570w\" sizes=\"auto, (max-width: 200px) 100vw, 200px\" \/><\/a><\/p>\n<p>&nbsp;<\/p>\n<p><a href=\"http:\/\/agora.xtec.cat\/escsantnicolau\/wp-content\/uploads\/usu1034\/2017\/05\/r\u00e0dio-3.jpg\"><img loading=\"lazy\" decoding=\"async\" class=\"alignnone size-full wp-image-305\" src=\"http:\/\/agora.xtec.cat\/escsantnicolau\/wp-content\/uploads\/usu1034\/2017\/05\/r\u00e0dio-3.jpg\" alt=\"r\u00e0dio 3\" width=\"448\" height=\"299\" srcset=\"https:\/\/agora.xtec.cat\/escsantnicolau\/wp-content\/uploads\/usu1034\/2017\/05\/r\u00e0dio-3.jpg 448w, https:\/\/agora.xtec.cat\/escsantnicolau\/wp-content\/uploads\/usu1034\/2017\/05\/r\u00e0dio-3-300x200.jpg 300w\" sizes=\"auto, (max-width: 448px) 100vw, 448px\" \/><\/a> <a href=\"http:\/\/agora.xtec.cat\/escsantnicolau\/wp-content\/uploads\/usu1034\/2017\/05\/r\u00e0dio-2.jpg\"><img loading=\"lazy\" decoding=\"async\" class=\"alignnone size-full wp-image-304\" src=\"http:\/\/agora.xtec.cat\/escsantnicolau\/wp-content\/uploads\/usu1034\/2017\/05\/r\u00e0dio-2.jpg\" alt=\"r\u00e0dio 2\" width=\"448\" height=\"299\" srcset=\"https:\/\/agora.xtec.cat\/escsantnicolau\/wp-content\/uploads\/usu1034\/2017\/05\/r\u00e0dio-2.jpg 448w, https:\/\/agora.xtec.cat\/escsantnicolau\/wp-content\/uploads\/usu1034\/2017\/05\/r\u00e0dio-2-300x200.jpg 300w\" sizes=\"auto, (max-width: 448px) 100vw, 448px\" \/><\/a> <a href=\"http:\/\/agora.xtec.cat\/escsantnicolau\/wp-content\/uploads\/usu1034\/2017\/05\/r\u00e0dio-1.jpg\"><img loading=\"lazy\" decoding=\"async\" class=\"alignnone size-full wp-image-303\" src=\"http:\/\/agora.xtec.cat\/escsantnicolau\/wp-content\/uploads\/usu1034\/2017\/05\/r\u00e0dio-1.jpg\" alt=\"r\u00e0dio 1\" width=\"448\" height=\"299\" srcset=\"https:\/\/agora.xtec.cat\/escsantnicolau\/wp-content\/uploads\/usu1034\/2017\/05\/r\u00e0dio-1.jpg 448w, https:\/\/agora.xtec.cat\/escsantnicolau\/wp-content\/uploads\/usu1034\/2017\/05\/r\u00e0dio-1-300x200.jpg 300w\" sizes=\"auto, (max-width: 448px) 100vw, 448px\" \/><\/a><\/p>\n<p>&nbsp;<\/p>\n","protected":false},"excerpt":{"rendered":"<p>Els nois i noies de 5\u00e8 han iniciat un nou projecte i estan preparant diversos programes de r\u00e0dio que en breu es podran escoltar online.<br \/>\nHi podreu trobar noticies, entrevistes, m\u00fasica, tert\u00falies i moltes coses m\u00e9s.<br \/>\n<a href=\"http:\/\/agora.xtec.cat\/escsantnicolau\/wp-content\/uploads\/usu1034\/2017\/04\/radio-forever.jpg\"><\/a><br \/>\n&nbsp;<br \/>\n<a href=\"http:\/\/agora.xtec.cat\/escsantnicolau\/wp-content\/uploads\/usu1034\/2017\/05\/r\u00e0dio-3.jpg\"><\/a> <a href=\"http:\/\/agora.xtec.cat\/escsantnicolau\/wp-content\/uploads\/usu1034\/2017\/05\/r\u00e0dio-2.jpg\"><\/a> <a href=\"http:\/\/agora.xtec.cat\/escsantnicolau\/wp-content\/uploads\/usu1034\/2017\/05\/r\u00e0dio-1.jpg\"><\/a><br \/>\n&nbsp;<\/p>\n","protected":false},"author":1,"featured_media":288,"comment_status":"open","ping_status":"open","sticky":false,"template":"","format":"standard","meta":{"_bbp_topic_count":0,"_bbp_reply_count":0,"_bbp_total_topic_count":0,"_bbp_total_reply_count":0,"_bbp_voice_count":0,"_bbp_anonymous_reply_count":0,"_bbp_topic_count_hidden":0,"_bbp_reply_count_hidden":0,"_bbp_forum_subforum_count":0,"footnotes":""},"categories":[1,4],"tags":[],"class_list":["post-287","post","type-post","status-publish","format-standard","has-post-thumbnail","hentry","category-general","category-portada"],"post_mailing_queue_ids":[],"_links":{"self":[{"href":"https:\/\/agora.xtec.cat\/escsantnicolau\/wp-json\/wp\/v2\/posts\/287","targetHints":{"allow":["GET"]}}],"collection":[{"href":"https:\/\/agora.xtec.cat\/escsantnicolau\/wp-json\/wp\/v2\/posts"}],"about":[{"href":"https:\/\/agora.xtec.cat\/escsantnicolau\/wp-json\/wp\/v2\/types\/post"}],"author":[{"embeddable":true,"href":"https:\/\/agora.xtec.cat\/escsantnicolau\/wp-json\/wp\/v2\/users\/1"}],"replies":[{"embeddable":true,"href":"https:\/\/agora.xtec.cat\/escsantnicolau\/wp-json\/wp\/v2\/comments?post=287"}],"version-history":[{"count":2,"href":"https:\/\/agora.xtec.cat\/escsantnicolau\/wp-json\/wp\/v2\/posts\/287\/revisions"}],"predecessor-version":[{"id":315,"href":"https:\/\/agora.xtec.cat\/escsantnicolau\/wp-json\/wp\/v2\/posts\/287\/revisions\/315"}],"wp:featuredmedia":[{"embeddable":true,"href":"https:\/\/agora.xtec.cat\/escsantnicolau\/wp-json\/wp\/v2\/media\/288"}],"wp:attachment":[{"href":"https:\/\/agora.xtec.cat\/escsantnicolau\/wp-json\/wp\/v2\/media?parent=287"}],"wp:term":[{"taxonomy":"category","embeddable":true,"href":"https:\/\/agora.xtec.cat\/escsantnicolau\/wp-json\/wp\/v2\/categories?post=287"},{"taxonomy":"post_tag","embeddable":true,"href":"https:\/\/agora.xtec.cat\/escsantnicolau\/wp-json\/wp\/v2\/tags?post=287"}],"curies":[{"name":"wp","href":"https:\/\/api.w.org\/{rel}","templated":true}]}}