{"id":2868,"date":"2023-05-12T12:27:24","date_gmt":"2023-05-12T10:27:24","guid":{"rendered":"https:\/\/agora.xtec.cat\/escsantnicolau\/?p=2868"},"modified":"2023-05-12T12:27:24","modified_gmt":"2023-05-12T10:27:24","slug":"sala-de-psicomotricitat","status":"publish","type":"post","link":"https:\/\/agora.xtec.cat\/escsantnicolau\/general\/sala-de-psicomotricitat\/","title":{"rendered":"SALA DE PSICOMOTRICITAT"},"content":{"rendered":"<p>El treball de la psicomotricitat \u00e9s clau per tal de contribuir en el desenvolupament dels infants. Aquest curs l&#8217;alumnat d&#8217;infantil <span style=\"font-family: inherit; font-size: 1em;\">hem estrenat la sala de psicomotricitat renovada amb peces noves, jocs i materials diversos per passar-ho d&#8217;all\u00f2 m\u00e9s b\u00e9 al llarg de les sessions. Ens encanta com ha quedat i totes les possibilitats que ens ofereix!<a href=\"https:\/\/agora.xtec.cat\/escsantnicolau\/wp-content\/uploads\/usu1034\/2023\/05\/WhatsApp-Image-2023-05-12-at-12.26.04.jpeg\"><img loading=\"lazy\" decoding=\"async\" class=\"alignnone size-large wp-image-2870\" src=\"https:\/\/agora.xtec.cat\/escsantnicolau\/wp-content\/uploads\/usu1034\/2023\/05\/WhatsApp-Image-2023-05-12-at-12.26.04-1024x1024.jpeg\" alt=\"\" width=\"1024\" height=\"1024\" srcset=\"https:\/\/agora.xtec.cat\/escsantnicolau\/wp-content\/uploads\/usu1034\/2023\/05\/WhatsApp-Image-2023-05-12-at-12.26.04-1024x1024.jpeg 1024w, https:\/\/agora.xtec.cat\/escsantnicolau\/wp-content\/uploads\/usu1034\/2023\/05\/WhatsApp-Image-2023-05-12-at-12.26.04-300x300.jpeg 300w, https:\/\/agora.xtec.cat\/escsantnicolau\/wp-content\/uploads\/usu1034\/2023\/05\/WhatsApp-Image-2023-05-12-at-12.26.04-150x150.jpeg 150w, https:\/\/agora.xtec.cat\/escsantnicolau\/wp-content\/uploads\/usu1034\/2023\/05\/WhatsApp-Image-2023-05-12-at-12.26.04-768x768.jpeg 768w, https:\/\/agora.xtec.cat\/escsantnicolau\/wp-content\/uploads\/usu1034\/2023\/05\/WhatsApp-Image-2023-05-12-at-12.26.04.jpeg 1440w\" sizes=\"auto, (max-width: 1024px) 100vw, 1024px\" \/><\/a> <a href=\"https:\/\/agora.xtec.cat\/escsantnicolau\/wp-content\/uploads\/usu1034\/2023\/05\/Infantil-a-la-sala-de-psico.jpeg\"><img loading=\"lazy\" decoding=\"async\" class=\"alignnone size-large wp-image-2869\" src=\"https:\/\/agora.xtec.cat\/escsantnicolau\/wp-content\/uploads\/usu1034\/2023\/05\/Infantil-a-la-sala-de-psico-1024x1024.jpeg\" alt=\"\" width=\"1024\" height=\"1024\" srcset=\"https:\/\/agora.xtec.cat\/escsantnicolau\/wp-content\/uploads\/usu1034\/2023\/05\/Infantil-a-la-sala-de-psico-1024x1024.jpeg 1024w, https:\/\/agora.xtec.cat\/escsantnicolau\/wp-content\/uploads\/usu1034\/2023\/05\/Infantil-a-la-sala-de-psico-300x300.jpeg 300w, https:\/\/agora.xtec.cat\/escsantnicolau\/wp-content\/uploads\/usu1034\/2023\/05\/Infantil-a-la-sala-de-psico-150x150.jpeg 150w, https:\/\/agora.xtec.cat\/escsantnicolau\/wp-content\/uploads\/usu1034\/2023\/05\/Infantil-a-la-sala-de-psico-768x768.jpeg 768w, https:\/\/agora.xtec.cat\/escsantnicolau\/wp-content\/uploads\/usu1034\/2023\/05\/Infantil-a-la-sala-de-psico.jpeg 1440w\" sizes=\"auto, (max-width: 1024px) 100vw, 1024px\" \/><\/a><\/span><\/p>\n","protected":false},"excerpt":{"rendered":"<p>El treball de la psicomotricitat \u00e9s clau per tal de contribuir en el desenvolupament dels infants. Aquest curs l&#8217;alumnat d&#8217;infantil hem estrenat la sala de psicomotricitat renovada amb peces noves, jocs i materials diversos per passar-ho d&#8217;all\u00f2 m\u00e9s b\u00e9 al llarg de les sessions. Ens&hellip;  <a href=\"https:\/\/agora.xtec.cat\/escsantnicolau\/general\/sala-de-psicomotricitat\/\" title=\"Read SALA DE PSICOMOTRICITAT\">Llegeix m\u00e9s\u00bb<\/a><\/p>\n","protected":false},"author":1,"featured_media":2870,"comment_status":"open","ping_status":"closed","sticky":false,"template":"","format":"standard","meta":{"_bbp_topic_count":0,"_bbp_reply_count":0,"_bbp_total_topic_count":0,"_bbp_total_reply_count":0,"_bbp_voice_count":0,"_bbp_anonymous_reply_count":0,"_bbp_topic_count_hidden":0,"_bbp_reply_count_hidden":0,"_bbp_forum_subforum_count":0,"footnotes":""},"categories":[1,2,4],"tags":[],"class_list":["post-2868","post","type-post","status-publish","format-standard","has-post-thumbnail","hentry","category-general","category-infantil","category-portada"],"post_mailing_queue_ids":[],"_links":{"self":[{"href":"https:\/\/agora.xtec.cat\/escsantnicolau\/wp-json\/wp\/v2\/posts\/2868","targetHints":{"allow":["GET"]}}],"collection":[{"href":"https:\/\/agora.xtec.cat\/escsantnicolau\/wp-json\/wp\/v2\/posts"}],"about":[{"href":"https:\/\/agora.xtec.cat\/escsantnicolau\/wp-json\/wp\/v2\/types\/post"}],"author":[{"embeddable":true,"href":"https:\/\/agora.xtec.cat\/escsantnicolau\/wp-json\/wp\/v2\/users\/1"}],"replies":[{"embeddable":true,"href":"https:\/\/agora.xtec.cat\/escsantnicolau\/wp-json\/wp\/v2\/comments?post=2868"}],"version-history":[{"count":1,"href":"https:\/\/agora.xtec.cat\/escsantnicolau\/wp-json\/wp\/v2\/posts\/2868\/revisions"}],"predecessor-version":[{"id":2871,"href":"https:\/\/agora.xtec.cat\/escsantnicolau\/wp-json\/wp\/v2\/posts\/2868\/revisions\/2871"}],"wp:featuredmedia":[{"embeddable":true,"href":"https:\/\/agora.xtec.cat\/escsantnicolau\/wp-json\/wp\/v2\/media\/2870"}],"wp:attachment":[{"href":"https:\/\/agora.xtec.cat\/escsantnicolau\/wp-json\/wp\/v2\/media?parent=2868"}],"wp:term":[{"taxonomy":"category","embeddable":true,"href":"https:\/\/agora.xtec.cat\/escsantnicolau\/wp-json\/wp\/v2\/categories?post=2868"},{"taxonomy":"post_tag","embeddable":true,"href":"https:\/\/agora.xtec.cat\/escsantnicolau\/wp-json\/wp\/v2\/tags?post=2868"}],"curies":[{"name":"wp","href":"https:\/\/api.w.org\/{rel}","templated":true}]}}