{"id":2773,"date":"2022-11-27T12:35:09","date_gmt":"2022-11-27T11:35:09","guid":{"rendered":"https:\/\/agora.xtec.cat\/escsantnicolau\/?p=2773"},"modified":"2023-02-03T12:36:21","modified_gmt":"2023-02-03T11:36:21","slug":"no-a-la-violencia","status":"publish","type":"post","link":"https:\/\/agora.xtec.cat\/escsantnicolau\/general\/no-a-la-violencia\/","title":{"rendered":"NO! A LA VIOL\u00c8NCIA"},"content":{"rendered":"<p>A l&#8217;escola celebrem el dia Internacional de l&#8217;Eliminaci\u00f3 de la Viol\u00e8ncia contra la Dona.\ud83d\udc9c<\/p>\n<p><a href=\"https:\/\/agora.xtec.cat\/escsantnicolau\/wp-content\/uploads\/usu1034\/2023\/02\/IMG_3638.jpg\"><img loading=\"lazy\" decoding=\"async\" class=\"alignnone size-large wp-image-2774\" src=\"https:\/\/agora.xtec.cat\/escsantnicolau\/wp-content\/uploads\/usu1034\/2023\/02\/IMG_3638-1024x768.jpg\" alt=\"\" width=\"1024\" height=\"768\" srcset=\"https:\/\/agora.xtec.cat\/escsantnicolau\/wp-content\/uploads\/usu1034\/2023\/02\/IMG_3638-1024x768.jpg 1024w, https:\/\/agora.xtec.cat\/escsantnicolau\/wp-content\/uploads\/usu1034\/2023\/02\/IMG_3638-300x225.jpg 300w, https:\/\/agora.xtec.cat\/escsantnicolau\/wp-content\/uploads\/usu1034\/2023\/02\/IMG_3638-768x576.jpg 768w, https:\/\/agora.xtec.cat\/escsantnicolau\/wp-content\/uploads\/usu1034\/2023\/02\/IMG_3638-200x150.jpg 200w, https:\/\/agora.xtec.cat\/escsantnicolau\/wp-content\/uploads\/usu1034\/2023\/02\/IMG_3638.jpg 1280w\" sizes=\"auto, (max-width: 1024px) 100vw, 1024px\" \/><\/a> <a href=\"https:\/\/agora.xtec.cat\/escsantnicolau\/wp-content\/uploads\/usu1034\/2023\/02\/IMG_3639.jpg\"><img loading=\"lazy\" decoding=\"async\" class=\"alignnone size-large wp-image-2775\" src=\"https:\/\/agora.xtec.cat\/escsantnicolau\/wp-content\/uploads\/usu1034\/2023\/02\/IMG_3639-1024x576.jpg\" alt=\"\" width=\"1024\" height=\"576\" srcset=\"https:\/\/agora.xtec.cat\/escsantnicolau\/wp-content\/uploads\/usu1034\/2023\/02\/IMG_3639-1024x576.jpg 1024w, https:\/\/agora.xtec.cat\/escsantnicolau\/wp-content\/uploads\/usu1034\/2023\/02\/IMG_3639-300x169.jpg 300w, https:\/\/agora.xtec.cat\/escsantnicolau\/wp-content\/uploads\/usu1034\/2023\/02\/IMG_3639-768x432.jpg 768w, https:\/\/agora.xtec.cat\/escsantnicolau\/wp-content\/uploads\/usu1034\/2023\/02\/IMG_3639.jpg 1280w\" sizes=\"auto, (max-width: 1024px) 100vw, 1024px\" \/><\/a><\/p>\n","protected":false},"excerpt":{"rendered":"<p>A l&#8217;escola celebrem el dia Internacional de l&#8217;Eliminaci\u00f3 de la Viol\u00e8ncia contra la Dona.\ud83d\udc9c<br \/>\n<a href=\"https:\/\/agora.xtec.cat\/escsantnicolau\/wp-content\/uploads\/usu1034\/2023\/02\/IMG_3638.jpg\"><\/a> <a href=\"https:\/\/agora.xtec.cat\/escsantnicolau\/wp-content\/uploads\/usu1034\/2023\/02\/IMG_3639.jpg\"><\/a><\/p>\n","protected":false},"author":1,"featured_media":2775,"comment_status":"open","ping_status":"closed","sticky":false,"template":"","format":"standard","meta":{"_bbp_topic_count":0,"_bbp_reply_count":0,"_bbp_total_topic_count":0,"_bbp_total_reply_count":0,"_bbp_voice_count":0,"_bbp_anonymous_reply_count":0,"_bbp_topic_count_hidden":0,"_bbp_reply_count_hidden":0,"_bbp_forum_subforum_count":0,"footnotes":""},"categories":[10,11,12,13,14,15,1,2,3,8,9,4,5],"tags":[],"class_list":["post-2773","post","type-post","status-publish","format-standard","has-post-thumbnail","hentry","category-1r","category-2n","category-3r","category-4t","category-5e","category-6e","category-general","category-infantil","category-p3","category-p4","category-p5","category-portada","category-primaria"],"post_mailing_queue_ids":[],"_links":{"self":[{"href":"https:\/\/agora.xtec.cat\/escsantnicolau\/wp-json\/wp\/v2\/posts\/2773","targetHints":{"allow":["GET"]}}],"collection":[{"href":"https:\/\/agora.xtec.cat\/escsantnicolau\/wp-json\/wp\/v2\/posts"}],"about":[{"href":"https:\/\/agora.xtec.cat\/escsantnicolau\/wp-json\/wp\/v2\/types\/post"}],"author":[{"embeddable":true,"href":"https:\/\/agora.xtec.cat\/escsantnicolau\/wp-json\/wp\/v2\/users\/1"}],"replies":[{"embeddable":true,"href":"https:\/\/agora.xtec.cat\/escsantnicolau\/wp-json\/wp\/v2\/comments?post=2773"}],"version-history":[{"count":1,"href":"https:\/\/agora.xtec.cat\/escsantnicolau\/wp-json\/wp\/v2\/posts\/2773\/revisions"}],"predecessor-version":[{"id":2776,"href":"https:\/\/agora.xtec.cat\/escsantnicolau\/wp-json\/wp\/v2\/posts\/2773\/revisions\/2776"}],"wp:featuredmedia":[{"embeddable":true,"href":"https:\/\/agora.xtec.cat\/escsantnicolau\/wp-json\/wp\/v2\/media\/2775"}],"wp:attachment":[{"href":"https:\/\/agora.xtec.cat\/escsantnicolau\/wp-json\/wp\/v2\/media?parent=2773"}],"wp:term":[{"taxonomy":"category","embeddable":true,"href":"https:\/\/agora.xtec.cat\/escsantnicolau\/wp-json\/wp\/v2\/categories?post=2773"},{"taxonomy":"post_tag","embeddable":true,"href":"https:\/\/agora.xtec.cat\/escsantnicolau\/wp-json\/wp\/v2\/tags?post=2773"}],"curies":[{"name":"wp","href":"https:\/\/api.w.org\/{rel}","templated":true}]}}