{"id":268,"date":"2016-11-11T16:28:25","date_gmt":"2016-11-11T15:28:25","guid":{"rendered":"http:\/\/agora.xtec.cat\/escsantnicolau\/?p=268"},"modified":"2016-11-11T17:20:24","modified_gmt":"2016-11-11T16:20:24","slug":"eleccions-als-consell-escolar-2016","status":"publish","type":"post","link":"https:\/\/agora.xtec.cat\/escsantnicolau\/general\/eleccions-als-consell-escolar-2016\/","title":{"rendered":"ELECCIONS AL CONSELL ESCOLAR 2016"},"content":{"rendered":"<p><strong>EL CONSELL ESCOLAR \u00c9S L&#8217;\u00d2RGAN DE PARTICIPACI\u00d3 DE LA COMUNITAT EDUCATIVA<\/strong><\/p>\n<p>Enguany es convoquen eleccions al Consell Escolar.<\/p>\n<p>Tenen dret de vot el pare, la mare o tutors legals dels alumnes de l&#8217;escola.<\/p>\n<p><strong>EL CONSELL ESCOLAR EST\u00c0 FORMAT PER:<\/strong><\/p>\n<ul style=\"list-style-type: disc;\">\n<li>El Director,<\/li>\n<li>El Cap d&#8217;Estudis,<\/li>\n<li>El Secretari de centre, amb veu i sense vot,<\/li>\n<li>Un representant de l&#8217;Ajuntament,<\/li>\n<li>6 membres del Claustre de professors, (renovaci\u00f3 de 3 membres)<\/li>\n<li>6 representants dels pares i mares, (un d&#8217;ells \u00e9s el representant de l&#8217;Ampa) (renovaci\u00f3 de 3 membres)<\/li>\n<li>1 membre del personal laboral del centre.<\/li>\n<\/ul>\n<p>La votaci\u00f3 \u00e9s per a 4 cursos acad\u00e8mics i es renova parcialment cada dos anys.<\/p>\n<p><strong>SI VOLEU M\u00c9S INFORMACI\u00d3, CLIQUEU AL SEG\u00dcENT ENLLA\u00c7:<\/strong><\/p>\n<p>http:\/\/familiaiescola.gencat.cat\/ca\/escolaritat\/participacio-compromis\/participacio-coresponsabilitzacio\/participacio-funcionament-centre\/consell-escolar\/<\/p>\n<p><strong>ESPEREM LES VOSTRES CANDIDATURES<\/strong><\/p>\n<p><strong>PLA\u00c7 PRESENTACI\u00d3 FINS EL 21 DE NOVEMBRE<\/strong><\/p>\n","protected":false},"excerpt":{"rendered":"<p>EL CONSELL ESCOLAR \u00c9S L&#8217;\u00d2RGAN DE PARTICIPACI\u00d3 DE LA COMUNITAT EDUCATIVA<br \/>\nEnguany es convoquen eleccions al Consell Escolar.<br \/>\nTenen dret de vot el pare, la mare o tutors legals dels alumnes de l&#8217;escola.<br \/>\nEL CONSELL ESCOLAR EST\u00c0 FORMAT PER:<\/p>\n<ul style=\"list-style-type: disc;\">\n<li>El Director,<\/li>\n<li>El Cap d&#8217;Estudis,<\/li>\n<li>El Secretari de centre, amb&hellip;  <a href=\"https:\/\/agora.xtec.cat\/escsantnicolau\/general\/eleccions-als-consell-escolar-2016\/\" title=\"Read ELECCIONS AL CONSELL ESCOLAR 2016\">Llegeix m\u00e9s\u00bb<\/a><br \/>\n","protected":false},"author":1,"featured_media":0,"comment_status":"open","ping_status":"open","sticky":false,"template":"","format":"standard","meta":{"_bbp_topic_count":0,"_bbp_reply_count":0,"_bbp_total_topic_count":0,"_bbp_total_reply_count":0,"_bbp_voice_count":0,"_bbp_anonymous_reply_count":0,"_bbp_topic_count_hidden":0,"_bbp_reply_count_hidden":0,"_bbp_forum_subforum_count":0,"footnotes":""},"categories":[1,4],"tags":[],"class_list":["post-268","post","type-post","status-publish","format-standard","hentry","category-general","category-portada"],"post_mailing_queue_ids":[],"_links":{"self":[{"href":"https:\/\/agora.xtec.cat\/escsantnicolau\/wp-json\/wp\/v2\/posts\/268","targetHints":{"allow":["GET"]}}],"collection":[{"href":"https:\/\/agora.xtec.cat\/escsantnicolau\/wp-json\/wp\/v2\/posts"}],"about":[{"href":"https:\/\/agora.xtec.cat\/escsantnicolau\/wp-json\/wp\/v2\/types\/post"}],"author":[{"embeddable":true,"href":"https:\/\/agora.xtec.cat\/escsantnicolau\/wp-json\/wp\/v2\/users\/1"}],"replies":[{"embeddable":true,"href":"https:\/\/agora.xtec.cat\/escsantnicolau\/wp-json\/wp\/v2\/comments?post=268"}],"version-history":[{"count":3,"href":"https:\/\/agora.xtec.cat\/escsantnicolau\/wp-json\/wp\/v2\/posts\/268\/revisions"}],"predecessor-version":[{"id":273,"href":"https:\/\/agora.xtec.cat\/escsantnicolau\/wp-json\/wp\/v2\/posts\/268\/revisions\/273"}],"wp:attachment":[{"href":"https:\/\/agora.xtec.cat\/escsantnicolau\/wp-json\/wp\/v2\/media?parent=268"}],"wp:term":[{"taxonomy":"category","embeddable":true,"href":"https:\/\/agora.xtec.cat\/escsantnicolau\/wp-json\/wp\/v2\/categories?post=268"},{"taxonomy":"post_tag","embeddable":true,"href":"https:\/\/agora.xtec.cat\/escsantnicolau\/wp-json\/wp\/v2\/tags?post=268"}],"curies":[{"name":"wp","href":"https:\/\/api.w.org\/{rel}","templated":true}]}}