{"id":2645,"date":"2022-02-07T11:04:49","date_gmt":"2022-02-07T10:04:49","guid":{"rendered":"https:\/\/agora.xtec.cat\/escsantnicolau\/?p=2645"},"modified":"2022-02-07T11:04:49","modified_gmt":"2022-02-07T10:04:49","slug":"jornada-portes-obertes","status":"publish","type":"post","link":"https:\/\/agora.xtec.cat\/escsantnicolau\/general\/jornada-portes-obertes\/","title":{"rendered":"JORNADA PORTES OBERTES"},"content":{"rendered":"<p>El dia de les portes obertes ja ha arribat, no us ho penseu i veniu a visitar-nos!<\/p>\n<p>Us deixem un parell d&#8217;enlla\u00e7os perqu\u00e8 tingueu m\u00e9s informaci\u00f3 sobre nosaltres.<\/p>\n<p>Us esperem el 15 de febrer! Recordeu demanar cita pr\u00e8via. teniu tota la informaci\u00f3 al cartell.<\/p>\n<p>https:\/\/docs.google.com\/presentation\/d\/1iXVpfmtuoSmM2Bav2fxqkur-LT6l4Gu7\/edit?usp=sharing&#038;ouid=107022987848095320803&#038;rtpof=true&#038;sd=true<\/p>\n<p>https:\/\/drive.google.com\/file\/d\/1UlizZJO5PRA7CCHkpyXWN4X96TVtC7ce\/view?usp=sharing<\/p>\n<p><a href=\"https:\/\/agora.xtec.cat\/escsantnicolau\/wp-content\/uploads\/usu1034\/2022\/02\/15-DE-FEBRER-1.jpg\"><img loading=\"lazy\" decoding=\"async\" class=\"alignnone size-large wp-image-2646\" src=\"https:\/\/agora.xtec.cat\/escsantnicolau\/wp-content\/uploads\/usu1034\/2022\/02\/15-DE-FEBRER-1-1024x1024.jpg\" alt=\"\" width=\"1024\" height=\"1024\" srcset=\"https:\/\/agora.xtec.cat\/escsantnicolau\/wp-content\/uploads\/usu1034\/2022\/02\/15-DE-FEBRER-1-1024x1024.jpg 1024w, https:\/\/agora.xtec.cat\/escsantnicolau\/wp-content\/uploads\/usu1034\/2022\/02\/15-DE-FEBRER-1-300x300.jpg 300w, https:\/\/agora.xtec.cat\/escsantnicolau\/wp-content\/uploads\/usu1034\/2022\/02\/15-DE-FEBRER-1-150x150.jpg 150w, https:\/\/agora.xtec.cat\/escsantnicolau\/wp-content\/uploads\/usu1034\/2022\/02\/15-DE-FEBRER-1-768x768.jpg 768w, https:\/\/agora.xtec.cat\/escsantnicolau\/wp-content\/uploads\/usu1034\/2022\/02\/15-DE-FEBRER-1.jpg 1080w\" sizes=\"auto, (max-width: 1024px) 100vw, 1024px\" \/><\/a><\/p>\n","protected":false},"excerpt":{"rendered":"<p>El dia de les portes obertes ja ha arribat, no us ho penseu i veniu a visitar-nos!<br \/>\nUs deixem un parell d&#8217;enlla\u00e7os perqu\u00e8 tingueu m\u00e9s informaci\u00f3 sobre nosaltres.<br \/>\nUs esperem el 15 de febrer! Recordeu demanar cita pr\u00e8via. teniu tota la informaci\u00f3 al cartell.<br \/>\nhttps:\/\/docs.google.com\/presentation\/d\/1iXVpfmtuoSmM2Bav2fxqkur-LT6l4Gu7\/edit?usp=sharing&#038;ouid=107022987848095320803&#038;rtpof=true&#038;sd=true<br \/>\nhttps:\/\/drive.google.com\/file\/d\/1UlizZJO5PRA7CCHkpyXWN4X96TVtC7ce\/view?usp=sharing<br \/>\n<a href=\"https:\/\/agora.xtec.cat\/escsantnicolau\/wp-content\/uploads\/usu1034\/2022\/02\/15-DE-FEBRER-1.jpg\"><\/a><\/p>\n","protected":false},"author":5,"featured_media":2646,"comment_status":"open","ping_status":"closed","sticky":false,"template":"","format":"standard","meta":{"_bbp_topic_count":0,"_bbp_reply_count":0,"_bbp_total_topic_count":0,"_bbp_total_reply_count":0,"_bbp_voice_count":0,"_bbp_anonymous_reply_count":0,"_bbp_topic_count_hidden":0,"_bbp_reply_count_hidden":0,"_bbp_forum_subforum_count":0,"footnotes":""},"categories":[7,1,2,4,5],"tags":[],"class_list":["post-2645","post","type-post","status-publish","format-standard","has-post-thumbnail","hentry","category-afa","category-general","category-infantil","category-portada","category-primaria"],"post_mailing_queue_ids":[],"_links":{"self":[{"href":"https:\/\/agora.xtec.cat\/escsantnicolau\/wp-json\/wp\/v2\/posts\/2645","targetHints":{"allow":["GET"]}}],"collection":[{"href":"https:\/\/agora.xtec.cat\/escsantnicolau\/wp-json\/wp\/v2\/posts"}],"about":[{"href":"https:\/\/agora.xtec.cat\/escsantnicolau\/wp-json\/wp\/v2\/types\/post"}],"author":[{"embeddable":true,"href":"https:\/\/agora.xtec.cat\/escsantnicolau\/wp-json\/wp\/v2\/users\/5"}],"replies":[{"embeddable":true,"href":"https:\/\/agora.xtec.cat\/escsantnicolau\/wp-json\/wp\/v2\/comments?post=2645"}],"version-history":[{"count":1,"href":"https:\/\/agora.xtec.cat\/escsantnicolau\/wp-json\/wp\/v2\/posts\/2645\/revisions"}],"predecessor-version":[{"id":2647,"href":"https:\/\/agora.xtec.cat\/escsantnicolau\/wp-json\/wp\/v2\/posts\/2645\/revisions\/2647"}],"wp:featuredmedia":[{"embeddable":true,"href":"https:\/\/agora.xtec.cat\/escsantnicolau\/wp-json\/wp\/v2\/media\/2646"}],"wp:attachment":[{"href":"https:\/\/agora.xtec.cat\/escsantnicolau\/wp-json\/wp\/v2\/media?parent=2645"}],"wp:term":[{"taxonomy":"category","embeddable":true,"href":"https:\/\/agora.xtec.cat\/escsantnicolau\/wp-json\/wp\/v2\/categories?post=2645"},{"taxonomy":"post_tag","embeddable":true,"href":"https:\/\/agora.xtec.cat\/escsantnicolau\/wp-json\/wp\/v2\/tags?post=2645"}],"curies":[{"name":"wp","href":"https:\/\/api.w.org\/{rel}","templated":true}]}}