{"id":2430,"date":"2021-03-09T15:27:25","date_gmt":"2021-03-09T14:27:25","guid":{"rendered":"http:\/\/agora.xtec.cat\/escsantnicolau\/?p=2430"},"modified":"2021-03-09T15:27:47","modified_gmt":"2021-03-09T14:27:47","slug":"guia-per-a-la-preinscripcio-i-matricula-curs-2021-2022","status":"publish","type":"post","link":"https:\/\/agora.xtec.cat\/escsantnicolau\/general\/guia-per-a-la-preinscripcio-i-matricula-curs-2021-2022\/","title":{"rendered":"Guia per a la preinscripci\u00f3 i matricula curs 2021-2022"},"content":{"rendered":"<p>Benvolgudes fam\u00edlies, ja teniu disponible tota la informaci\u00f3 per realitzar la preinscripci\u00f3 I matricula del curs 2021-2022.<\/p>\n<p>DOCUMENTS:<\/p>\n<p><a href=\"https:\/\/agora.xtec.cat\/escsantnicolau\/wp-content\/uploads\/usu1034\/2021\/03\/guia-preinscripcio21-22.pdf\">guia-preinscripcio21-22<\/a><\/p>\n<p><a href=\"https:\/\/agora.xtec.cat\/escsantnicolau\/wp-content\/uploads\/usu1034\/2021\/03\/Calendari-preinscripci\u00f3-carrer-centres.pdf\">Calendari preinscripci\u00f3 carrer centres<\/a><\/p>\n<p>&nbsp;<\/p>\n<p><a href=\"https:\/\/agora.xtec.cat\/escsantnicolau\/wp-content\/uploads\/usu1034\/2021\/03\/IMG-9991.jpg\"><img loading=\"lazy\" decoding=\"async\" class=\"alignnone size-large wp-image-2433\" src=\"https:\/\/agora.xtec.cat\/escsantnicolau\/wp-content\/uploads\/usu1034\/2021\/03\/IMG-9991-760x1024.jpg\" alt=\"\" width=\"760\" height=\"1024\" srcset=\"https:\/\/agora.xtec.cat\/escsantnicolau\/wp-content\/uploads\/usu1034\/2021\/03\/IMG-9991-760x1024.jpg 760w, https:\/\/agora.xtec.cat\/escsantnicolau\/wp-content\/uploads\/usu1034\/2021\/03\/IMG-9991-223x300.jpg 223w, https:\/\/agora.xtec.cat\/escsantnicolau\/wp-content\/uploads\/usu1034\/2021\/03\/IMG-9991-768x1034.jpg 768w, https:\/\/agora.xtec.cat\/escsantnicolau\/wp-content\/uploads\/usu1034\/2021\/03\/IMG-9991.jpg 828w\" sizes=\"auto, (max-width: 760px) 100vw, 760px\" \/><\/a> <a href=\"https:\/\/agora.xtec.cat\/escsantnicolau\/wp-content\/uploads\/usu1034\/2021\/03\/IMG-9997.jpg\"><img loading=\"lazy\" decoding=\"async\" class=\"alignnone size-large wp-image-2434\" src=\"https:\/\/agora.xtec.cat\/escsantnicolau\/wp-content\/uploads\/usu1034\/2021\/03\/IMG-9997-744x1024.jpg\" alt=\"\" width=\"744\" height=\"1024\" srcset=\"https:\/\/agora.xtec.cat\/escsantnicolau\/wp-content\/uploads\/usu1034\/2021\/03\/IMG-9997-744x1024.jpg 744w, https:\/\/agora.xtec.cat\/escsantnicolau\/wp-content\/uploads\/usu1034\/2021\/03\/IMG-9997-218x300.jpg 218w, https:\/\/agora.xtec.cat\/escsantnicolau\/wp-content\/uploads\/usu1034\/2021\/03\/IMG-9997-768x1057.jpg 768w, https:\/\/agora.xtec.cat\/escsantnicolau\/wp-content\/uploads\/usu1034\/2021\/03\/IMG-9997.jpg 770w\" sizes=\"auto, (max-width: 744px) 100vw, 744px\" \/><\/a><\/p>\n","protected":false},"excerpt":{"rendered":"<p>Benvolgudes fam\u00edlies, ja teniu disponible tota la informaci\u00f3 per realitzar la preinscripci\u00f3 I matricula del curs 2021-2022.<br \/>\nDOCUMENTS:<br \/>\n<a href=\"https:\/\/agora.xtec.cat\/escsantnicolau\/wp-content\/uploads\/usu1034\/2021\/03\/guia-preinscripcio21-22.pdf\">guia-preinscripcio21-22<\/a><br \/>\n<a href=\"https:\/\/agora.xtec.cat\/escsantnicolau\/wp-content\/uploads\/usu1034\/2021\/03\/Calendari-preinscripci\u00f3-carrer-centres.pdf\">Calendari preinscripci\u00f3 carrer centres<\/a><br \/>\n&nbsp;<br \/>\n<a href=\"https:\/\/agora.xtec.cat\/escsantnicolau\/wp-content\/uploads\/usu1034\/2021\/03\/IMG-9991.jpg\"><\/a> <a href=\"https:\/\/agora.xtec.cat\/escsantnicolau\/wp-content\/uploads\/usu1034\/2021\/03\/IMG-9997.jpg\"><\/a><\/p>\n","protected":false},"author":5,"featured_media":2433,"comment_status":"open","ping_status":"closed","sticky":false,"template":"","format":"standard","meta":{"_bbp_topic_count":0,"_bbp_reply_count":0,"_bbp_total_topic_count":0,"_bbp_total_reply_count":0,"_bbp_voice_count":0,"_bbp_anonymous_reply_count":0,"_bbp_topic_count_hidden":0,"_bbp_reply_count_hidden":0,"_bbp_forum_subforum_count":0,"footnotes":""},"categories":[10,11,12,13,14,15,1,2,3,8,9,4,5],"tags":[],"class_list":["post-2430","post","type-post","status-publish","format-standard","has-post-thumbnail","hentry","category-1r","category-2n","category-3r","category-4t","category-5e","category-6e","category-general","category-infantil","category-p3","category-p4","category-p5","category-portada","category-primaria"],"post_mailing_queue_ids":[],"_links":{"self":[{"href":"https:\/\/agora.xtec.cat\/escsantnicolau\/wp-json\/wp\/v2\/posts\/2430","targetHints":{"allow":["GET"]}}],"collection":[{"href":"https:\/\/agora.xtec.cat\/escsantnicolau\/wp-json\/wp\/v2\/posts"}],"about":[{"href":"https:\/\/agora.xtec.cat\/escsantnicolau\/wp-json\/wp\/v2\/types\/post"}],"author":[{"embeddable":true,"href":"https:\/\/agora.xtec.cat\/escsantnicolau\/wp-json\/wp\/v2\/users\/5"}],"replies":[{"embeddable":true,"href":"https:\/\/agora.xtec.cat\/escsantnicolau\/wp-json\/wp\/v2\/comments?post=2430"}],"version-history":[{"count":1,"href":"https:\/\/agora.xtec.cat\/escsantnicolau\/wp-json\/wp\/v2\/posts\/2430\/revisions"}],"predecessor-version":[{"id":2435,"href":"https:\/\/agora.xtec.cat\/escsantnicolau\/wp-json\/wp\/v2\/posts\/2430\/revisions\/2435"}],"wp:featuredmedia":[{"embeddable":true,"href":"https:\/\/agora.xtec.cat\/escsantnicolau\/wp-json\/wp\/v2\/media\/2433"}],"wp:attachment":[{"href":"https:\/\/agora.xtec.cat\/escsantnicolau\/wp-json\/wp\/v2\/media?parent=2430"}],"wp:term":[{"taxonomy":"category","embeddable":true,"href":"https:\/\/agora.xtec.cat\/escsantnicolau\/wp-json\/wp\/v2\/categories?post=2430"},{"taxonomy":"post_tag","embeddable":true,"href":"https:\/\/agora.xtec.cat\/escsantnicolau\/wp-json\/wp\/v2\/tags?post=2430"}],"curies":[{"name":"wp","href":"https:\/\/api.w.org\/{rel}","templated":true}]}}