{"id":2281,"date":"2021-01-14T10:52:26","date_gmt":"2021-01-14T09:52:26","guid":{"rendered":"http:\/\/agora.xtec.cat\/escsantnicolau\/?p=2281"},"modified":"2021-01-14T10:56:18","modified_gmt":"2021-01-14T09:56:18","slug":"nadal-a-lescola-sant-nicolau","status":"publish","type":"post","link":"https:\/\/agora.xtec.cat\/escsantnicolau\/general\/nadal-a-lescola-sant-nicolau\/","title":{"rendered":"NADAL A L&#8217;ESCOLA SANT NICOLAU"},"content":{"rendered":"<p>Aquest curs, els i les alumnes de l&#8217;escola Sant Nicolau, hem celebrat d&#8217;una manera molt especial les festes de Nadal. A conseq\u00fc\u00e8ncia de la situaci\u00f3 actual, no hem pogut fer molts actes que f\u00e8iem normalment. Tot i aix\u00f2, ens hem adaptat i hem pogut gaudir de moltes estones especials!<\/p>\n<p><a href=\"https:\/\/agora.xtec.cat\/escsantnicolau\/wp-content\/uploads\/usu1034\/2021\/01\/IMG_5524.jpg\"><img loading=\"lazy\" decoding=\"async\" class=\"alignnone size-large wp-image-2282\" src=\"https:\/\/agora.xtec.cat\/escsantnicolau\/wp-content\/uploads\/usu1034\/2021\/01\/IMG_5524-873x1024.jpg\" alt=\"\" width=\"873\" height=\"1024\" srcset=\"https:\/\/agora.xtec.cat\/escsantnicolau\/wp-content\/uploads\/usu1034\/2021\/01\/IMG_5524-873x1024.jpg 873w, https:\/\/agora.xtec.cat\/escsantnicolau\/wp-content\/uploads\/usu1034\/2021\/01\/IMG_5524-256x300.jpg 256w, https:\/\/agora.xtec.cat\/escsantnicolau\/wp-content\/uploads\/usu1034\/2021\/01\/IMG_5524-768x900.jpg 768w, https:\/\/agora.xtec.cat\/escsantnicolau\/wp-content\/uploads\/usu1034\/2021\/01\/IMG_5524.jpg 1242w\" sizes=\"auto, (max-width: 873px) 100vw, 873px\" \/><\/a> <a href=\"https:\/\/agora.xtec.cat\/escsantnicolau\/wp-content\/uploads\/usu1034\/2021\/01\/IMG_5523.jpg\"><img loading=\"lazy\" decoding=\"async\" class=\"alignnone size-large wp-image-2283\" src=\"https:\/\/agora.xtec.cat\/escsantnicolau\/wp-content\/uploads\/usu1034\/2021\/01\/IMG_5523-1024x765.jpg\" alt=\"\" width=\"1024\" height=\"765\" srcset=\"https:\/\/agora.xtec.cat\/escsantnicolau\/wp-content\/uploads\/usu1034\/2021\/01\/IMG_5523-1024x765.jpg 1024w, https:\/\/agora.xtec.cat\/escsantnicolau\/wp-content\/uploads\/usu1034\/2021\/01\/IMG_5523-300x224.jpg 300w, https:\/\/agora.xtec.cat\/escsantnicolau\/wp-content\/uploads\/usu1034\/2021\/01\/IMG_5523-768x574.jpg 768w, https:\/\/agora.xtec.cat\/escsantnicolau\/wp-content\/uploads\/usu1034\/2021\/01\/IMG_5523-200x150.jpg 200w, https:\/\/agora.xtec.cat\/escsantnicolau\/wp-content\/uploads\/usu1034\/2021\/01\/IMG_5523.jpg 1242w\" sizes=\"auto, (max-width: 1024px) 100vw, 1024px\" \/><\/a> <a href=\"https:\/\/agora.xtec.cat\/escsantnicolau\/wp-content\/uploads\/usu1034\/2021\/01\/IMG_5522.jpg\"><img loading=\"lazy\" decoding=\"async\" class=\"alignnone size-large wp-image-2284\" src=\"https:\/\/agora.xtec.cat\/escsantnicolau\/wp-content\/uploads\/usu1034\/2021\/01\/IMG_5522-1024x550.jpg\" alt=\"\" width=\"1024\" height=\"550\" srcset=\"https:\/\/agora.xtec.cat\/escsantnicolau\/wp-content\/uploads\/usu1034\/2021\/01\/IMG_5522-1024x550.jpg 1024w, https:\/\/agora.xtec.cat\/escsantnicolau\/wp-content\/uploads\/usu1034\/2021\/01\/IMG_5522-300x161.jpg 300w, https:\/\/agora.xtec.cat\/escsantnicolau\/wp-content\/uploads\/usu1034\/2021\/01\/IMG_5522-768x412.jpg 768w, https:\/\/agora.xtec.cat\/escsantnicolau\/wp-content\/uploads\/usu1034\/2021\/01\/IMG_5522.jpg 1242w\" sizes=\"auto, (max-width: 1024px) 100vw, 1024px\" \/><\/a> <a href=\"https:\/\/agora.xtec.cat\/escsantnicolau\/wp-content\/uploads\/usu1034\/2021\/01\/IMG_5521.jpg\"><img loading=\"lazy\" decoding=\"async\" class=\"alignnone size-large wp-image-2285\" src=\"https:\/\/agora.xtec.cat\/escsantnicolau\/wp-content\/uploads\/usu1034\/2021\/01\/IMG_5521-1024x733.jpg\" alt=\"\" width=\"1024\" height=\"733\" srcset=\"https:\/\/agora.xtec.cat\/escsantnicolau\/wp-content\/uploads\/usu1034\/2021\/01\/IMG_5521-1024x733.jpg 1024w, https:\/\/agora.xtec.cat\/escsantnicolau\/wp-content\/uploads\/usu1034\/2021\/01\/IMG_5521-300x215.jpg 300w, https:\/\/agora.xtec.cat\/escsantnicolau\/wp-content\/uploads\/usu1034\/2021\/01\/IMG_5521-768x550.jpg 768w, https:\/\/agora.xtec.cat\/escsantnicolau\/wp-content\/uploads\/usu1034\/2021\/01\/IMG_5521.jpg 1242w\" sizes=\"auto, (max-width: 1024px) 100vw, 1024px\" \/><\/a> <a href=\"https:\/\/agora.xtec.cat\/escsantnicolau\/wp-content\/uploads\/usu1034\/2021\/01\/IMG_5520.jpg\"><img loading=\"lazy\" decoding=\"async\" class=\"alignnone size-large wp-image-2286\" src=\"https:\/\/agora.xtec.cat\/escsantnicolau\/wp-content\/uploads\/usu1034\/2021\/01\/IMG_5520-1024x557.jpg\" alt=\"\" width=\"1024\" height=\"557\" srcset=\"https:\/\/agora.xtec.cat\/escsantnicolau\/wp-content\/uploads\/usu1034\/2021\/01\/IMG_5520-1024x557.jpg 1024w, https:\/\/agora.xtec.cat\/escsantnicolau\/wp-content\/uploads\/usu1034\/2021\/01\/IMG_5520-300x163.jpg 300w, https:\/\/agora.xtec.cat\/escsantnicolau\/wp-content\/uploads\/usu1034\/2021\/01\/IMG_5520-768x418.jpg 768w, https:\/\/agora.xtec.cat\/escsantnicolau\/wp-content\/uploads\/usu1034\/2021\/01\/IMG_5520.jpg 1242w\" sizes=\"auto, (max-width: 1024px) 100vw, 1024px\" \/><\/a> <a href=\"https:\/\/agora.xtec.cat\/escsantnicolau\/wp-content\/uploads\/usu1034\/2021\/01\/IMG_5519.jpg\"><img loading=\"lazy\" decoding=\"async\" class=\"alignnone size-large wp-image-2287\" src=\"https:\/\/agora.xtec.cat\/escsantnicolau\/wp-content\/uploads\/usu1034\/2021\/01\/IMG_5519-1024x758.jpg\" alt=\"\" width=\"1024\" height=\"758\" srcset=\"https:\/\/agora.xtec.cat\/escsantnicolau\/wp-content\/uploads\/usu1034\/2021\/01\/IMG_5519-1024x758.jpg 1024w, https:\/\/agora.xtec.cat\/escsantnicolau\/wp-content\/uploads\/usu1034\/2021\/01\/IMG_5519-300x222.jpg 300w, https:\/\/agora.xtec.cat\/escsantnicolau\/wp-content\/uploads\/usu1034\/2021\/01\/IMG_5519-768x568.jpg 768w, https:\/\/agora.xtec.cat\/escsantnicolau\/wp-content\/uploads\/usu1034\/2021\/01\/IMG_5519.jpg 1242w\" sizes=\"auto, (max-width: 1024px) 100vw, 1024px\" \/><\/a><\/p>\n","protected":false},"excerpt":{"rendered":"<p>Aquest curs, els i les alumnes de l&#8217;escola Sant Nicolau, hem celebrat d&#8217;una manera molt especial les festes de Nadal. A conseq\u00fc\u00e8ncia de la situaci\u00f3 actual, no hem pogut fer molts actes que f\u00e8iem normalment. Tot i aix\u00f2, ens hem adaptat i hem pogut gaudir&hellip;  <a href=\"https:\/\/agora.xtec.cat\/escsantnicolau\/general\/nadal-a-lescola-sant-nicolau\/\" title=\"Read NADAL A L&#8217;ESCOLA SANT NICOLAU\">Llegeix m\u00e9s\u00bb<\/a><\/p>\n","protected":false},"author":5,"featured_media":2285,"comment_status":"open","ping_status":"closed","sticky":false,"template":"","format":"standard","meta":{"_bbp_topic_count":0,"_bbp_reply_count":0,"_bbp_total_topic_count":0,"_bbp_total_reply_count":0,"_bbp_voice_count":0,"_bbp_anonymous_reply_count":0,"_bbp_topic_count_hidden":0,"_bbp_reply_count_hidden":0,"_bbp_forum_subforum_count":0,"footnotes":""},"categories":[7,1,4,5],"tags":[],"class_list":["post-2281","post","type-post","status-publish","format-standard","has-post-thumbnail","hentry","category-afa","category-general","category-portada","category-primaria"],"post_mailing_queue_ids":[],"_links":{"self":[{"href":"https:\/\/agora.xtec.cat\/escsantnicolau\/wp-json\/wp\/v2\/posts\/2281","targetHints":{"allow":["GET"]}}],"collection":[{"href":"https:\/\/agora.xtec.cat\/escsantnicolau\/wp-json\/wp\/v2\/posts"}],"about":[{"href":"https:\/\/agora.xtec.cat\/escsantnicolau\/wp-json\/wp\/v2\/types\/post"}],"author":[{"embeddable":true,"href":"https:\/\/agora.xtec.cat\/escsantnicolau\/wp-json\/wp\/v2\/users\/5"}],"replies":[{"embeddable":true,"href":"https:\/\/agora.xtec.cat\/escsantnicolau\/wp-json\/wp\/v2\/comments?post=2281"}],"version-history":[{"count":1,"href":"https:\/\/agora.xtec.cat\/escsantnicolau\/wp-json\/wp\/v2\/posts\/2281\/revisions"}],"predecessor-version":[{"id":2288,"href":"https:\/\/agora.xtec.cat\/escsantnicolau\/wp-json\/wp\/v2\/posts\/2281\/revisions\/2288"}],"wp:featuredmedia":[{"embeddable":true,"href":"https:\/\/agora.xtec.cat\/escsantnicolau\/wp-json\/wp\/v2\/media\/2285"}],"wp:attachment":[{"href":"https:\/\/agora.xtec.cat\/escsantnicolau\/wp-json\/wp\/v2\/media?parent=2281"}],"wp:term":[{"taxonomy":"category","embeddable":true,"href":"https:\/\/agora.xtec.cat\/escsantnicolau\/wp-json\/wp\/v2\/categories?post=2281"},{"taxonomy":"post_tag","embeddable":true,"href":"https:\/\/agora.xtec.cat\/escsantnicolau\/wp-json\/wp\/v2\/tags?post=2281"}],"curies":[{"name":"wp","href":"https:\/\/api.w.org\/{rel}","templated":true}]}}