{"id":2261,"date":"2020-12-17T11:53:43","date_gmt":"2020-12-17T10:53:43","guid":{"rendered":"http:\/\/agora.xtec.cat\/escsantnicolau\/?p=2261"},"modified":"2020-12-17T12:21:36","modified_gmt":"2020-12-17T11:21:36","slug":"3er-al-namal-magic","status":"publish","type":"post","link":"https:\/\/agora.xtec.cat\/escsantnicolau\/general\/3er-al-namal-magic\/","title":{"rendered":"3er al Nadal m\u00e0gic"},"content":{"rendered":"<p>Els i les alumnes de 3er han anat de visita al taller del Pare Noel. Tamb\u00e9 a l&#8217;arbre del desitjos i al pessebre del casal. Quina emoci\u00f3!!<\/p>\n<p><a href=\"https:\/\/agora.xtec.cat\/escsantnicolau\/wp-content\/uploads\/usu1034\/2020\/12\/photo_2020-12-17_11-50-38.jpg\"><img loading=\"lazy\" decoding=\"async\" class=\"alignnone size-full wp-image-2262\" src=\"https:\/\/agora.xtec.cat\/escsantnicolau\/wp-content\/uploads\/usu1034\/2020\/12\/photo_2020-12-17_11-50-38.jpg\" alt=\"\" width=\"828\" height=\"662\" srcset=\"https:\/\/agora.xtec.cat\/escsantnicolau\/wp-content\/uploads\/usu1034\/2020\/12\/photo_2020-12-17_11-50-38.jpg 828w, https:\/\/agora.xtec.cat\/escsantnicolau\/wp-content\/uploads\/usu1034\/2020\/12\/photo_2020-12-17_11-50-38-300x240.jpg 300w, https:\/\/agora.xtec.cat\/escsantnicolau\/wp-content\/uploads\/usu1034\/2020\/12\/photo_2020-12-17_11-50-38-768x614.jpg 768w\" sizes=\"auto, (max-width: 828px) 100vw, 828px\" \/><\/a> <a href=\"https:\/\/agora.xtec.cat\/escsantnicolau\/wp-content\/uploads\/usu1034\/2020\/12\/photo_2020-12-17_11-50-42.jpg\"><img loading=\"lazy\" decoding=\"async\" class=\"alignnone size-large wp-image-2263\" src=\"https:\/\/agora.xtec.cat\/escsantnicolau\/wp-content\/uploads\/usu1034\/2020\/12\/photo_2020-12-17_11-50-42.jpg\" alt=\"\" width=\"828\" height=\"833\" srcset=\"https:\/\/agora.xtec.cat\/escsantnicolau\/wp-content\/uploads\/usu1034\/2020\/12\/photo_2020-12-17_11-50-42.jpg 828w, https:\/\/agora.xtec.cat\/escsantnicolau\/wp-content\/uploads\/usu1034\/2020\/12\/photo_2020-12-17_11-50-42-150x150.jpg 150w, https:\/\/agora.xtec.cat\/escsantnicolau\/wp-content\/uploads\/usu1034\/2020\/12\/photo_2020-12-17_11-50-42-298x300.jpg 298w, https:\/\/agora.xtec.cat\/escsantnicolau\/wp-content\/uploads\/usu1034\/2020\/12\/photo_2020-12-17_11-50-42-768x773.jpg 768w\" sizes=\"auto, (max-width: 828px) 100vw, 828px\" \/><\/a> <a href=\"https:\/\/agora.xtec.cat\/escsantnicolau\/wp-content\/uploads\/usu1034\/2020\/12\/photo_2020-12-17_11-50-46.jpg\"><img loading=\"lazy\" decoding=\"async\" class=\"alignnone size-large wp-image-2264\" src=\"https:\/\/agora.xtec.cat\/escsantnicolau\/wp-content\/uploads\/usu1034\/2020\/12\/photo_2020-12-17_11-50-46.jpg\" alt=\"\" width=\"828\" height=\"615\" srcset=\"https:\/\/agora.xtec.cat\/escsantnicolau\/wp-content\/uploads\/usu1034\/2020\/12\/photo_2020-12-17_11-50-46.jpg 828w, https:\/\/agora.xtec.cat\/escsantnicolau\/wp-content\/uploads\/usu1034\/2020\/12\/photo_2020-12-17_11-50-46-300x223.jpg 300w, https:\/\/agora.xtec.cat\/escsantnicolau\/wp-content\/uploads\/usu1034\/2020\/12\/photo_2020-12-17_11-50-46-768x570.jpg 768w, https:\/\/agora.xtec.cat\/escsantnicolau\/wp-content\/uploads\/usu1034\/2020\/12\/photo_2020-12-17_11-50-46-200x150.jpg 200w\" sizes=\"auto, (max-width: 828px) 100vw, 828px\" \/><\/a><\/p>\n","protected":false},"excerpt":{"rendered":"<p>Els i les alumnes de 3er han anat de visita al taller del Pare Noel. Tamb\u00e9 a l&#8217;arbre del desitjos i al pessebre del casal. Quina emoci\u00f3!!<br \/>\n<a href=\"https:\/\/agora.xtec.cat\/escsantnicolau\/wp-content\/uploads\/usu1034\/2020\/12\/photo_2020-12-17_11-50-38.jpg\"><\/a> <a href=\"https:\/\/agora.xtec.cat\/escsantnicolau\/wp-content\/uploads\/usu1034\/2020\/12\/photo_2020-12-17_11-50-42.jpg\"><\/a> <a href=\"https:\/\/agora.xtec.cat\/escsantnicolau\/wp-content\/uploads\/usu1034\/2020\/12\/photo_2020-12-17_11-50-46.jpg\"><\/a><\/p>\n","protected":false},"author":5,"featured_media":2264,"comment_status":"open","ping_status":"closed","sticky":false,"template":"","format":"standard","meta":{"_bbp_topic_count":0,"_bbp_reply_count":0,"_bbp_total_topic_count":0,"_bbp_total_reply_count":0,"_bbp_voice_count":0,"_bbp_anonymous_reply_count":0,"_bbp_topic_count_hidden":0,"_bbp_reply_count_hidden":0,"_bbp_forum_subforum_count":0,"footnotes":""},"categories":[12,1,4,5],"tags":[],"class_list":["post-2261","post","type-post","status-publish","format-standard","has-post-thumbnail","hentry","category-3r","category-general","category-portada","category-primaria"],"post_mailing_queue_ids":[],"_links":{"self":[{"href":"https:\/\/agora.xtec.cat\/escsantnicolau\/wp-json\/wp\/v2\/posts\/2261","targetHints":{"allow":["GET"]}}],"collection":[{"href":"https:\/\/agora.xtec.cat\/escsantnicolau\/wp-json\/wp\/v2\/posts"}],"about":[{"href":"https:\/\/agora.xtec.cat\/escsantnicolau\/wp-json\/wp\/v2\/types\/post"}],"author":[{"embeddable":true,"href":"https:\/\/agora.xtec.cat\/escsantnicolau\/wp-json\/wp\/v2\/users\/5"}],"replies":[{"embeddable":true,"href":"https:\/\/agora.xtec.cat\/escsantnicolau\/wp-json\/wp\/v2\/comments?post=2261"}],"version-history":[{"count":2,"href":"https:\/\/agora.xtec.cat\/escsantnicolau\/wp-json\/wp\/v2\/posts\/2261\/revisions"}],"predecessor-version":[{"id":2274,"href":"https:\/\/agora.xtec.cat\/escsantnicolau\/wp-json\/wp\/v2\/posts\/2261\/revisions\/2274"}],"wp:featuredmedia":[{"embeddable":true,"href":"https:\/\/agora.xtec.cat\/escsantnicolau\/wp-json\/wp\/v2\/media\/2264"}],"wp:attachment":[{"href":"https:\/\/agora.xtec.cat\/escsantnicolau\/wp-json\/wp\/v2\/media?parent=2261"}],"wp:term":[{"taxonomy":"category","embeddable":true,"href":"https:\/\/agora.xtec.cat\/escsantnicolau\/wp-json\/wp\/v2\/categories?post=2261"},{"taxonomy":"post_tag","embeddable":true,"href":"https:\/\/agora.xtec.cat\/escsantnicolau\/wp-json\/wp\/v2\/tags?post=2261"}],"curies":[{"name":"wp","href":"https:\/\/api.w.org\/{rel}","templated":true}]}}