{"id":2234,"date":"2020-12-17T10:52:53","date_gmt":"2020-12-17T09:52:53","guid":{"rendered":"http:\/\/agora.xtec.cat\/escsantnicolau\/?p=2234"},"modified":"2020-12-17T10:52:53","modified_gmt":"2020-12-17T09:52:53","slug":"p5-al-nadal-magic","status":"publish","type":"post","link":"https:\/\/agora.xtec.cat\/escsantnicolau\/general\/p5-al-nadal-magic\/","title":{"rendered":"P5 al Nadal m\u00e0gic"},"content":{"rendered":"<p>Els nens i nenes de P5 hem anat a portar els nostres desitjos a l&#8217;arbre i despr\u00e9s vam veure la f\u00e0brica del Pare Noel i el pessebre del Casal.<\/p>\n<p><a href=\"https:\/\/agora.xtec.cat\/escsantnicolau\/wp-content\/uploads\/usu1034\/2020\/12\/photo_2020-12-17_10-48-44.jpg\"><img loading=\"lazy\" decoding=\"async\" class=\"alignnone size-full wp-image-2235\" src=\"https:\/\/agora.xtec.cat\/escsantnicolau\/wp-content\/uploads\/usu1034\/2020\/12\/photo_2020-12-17_10-48-44.jpg\" alt=\"\" width=\"828\" height=\"802\" srcset=\"https:\/\/agora.xtec.cat\/escsantnicolau\/wp-content\/uploads\/usu1034\/2020\/12\/photo_2020-12-17_10-48-44.jpg 828w, https:\/\/agora.xtec.cat\/escsantnicolau\/wp-content\/uploads\/usu1034\/2020\/12\/photo_2020-12-17_10-48-44-300x291.jpg 300w, https:\/\/agora.xtec.cat\/escsantnicolau\/wp-content\/uploads\/usu1034\/2020\/12\/photo_2020-12-17_10-48-44-768x744.jpg 768w\" sizes=\"auto, (max-width: 828px) 100vw, 828px\" \/><\/a> <a href=\"https:\/\/agora.xtec.cat\/escsantnicolau\/wp-content\/uploads\/usu1034\/2020\/12\/photo_2020-12-17_10-49-06.jpg\"><img loading=\"lazy\" decoding=\"async\" class=\"alignnone size-large wp-image-2236\" src=\"https:\/\/agora.xtec.cat\/escsantnicolau\/wp-content\/uploads\/usu1034\/2020\/12\/photo_2020-12-17_10-49-06.jpg\" alt=\"\" width=\"828\" height=\"802\" srcset=\"https:\/\/agora.xtec.cat\/escsantnicolau\/wp-content\/uploads\/usu1034\/2020\/12\/photo_2020-12-17_10-49-06.jpg 828w, https:\/\/agora.xtec.cat\/escsantnicolau\/wp-content\/uploads\/usu1034\/2020\/12\/photo_2020-12-17_10-49-06-300x291.jpg 300w, https:\/\/agora.xtec.cat\/escsantnicolau\/wp-content\/uploads\/usu1034\/2020\/12\/photo_2020-12-17_10-49-06-768x744.jpg 768w\" sizes=\"auto, (max-width: 828px) 100vw, 828px\" \/><\/a> <a href=\"https:\/\/agora.xtec.cat\/escsantnicolau\/wp-content\/uploads\/usu1034\/2020\/12\/photo_2020-12-17_10-48-52.jpg\"><img loading=\"lazy\" decoding=\"async\" class=\"alignnone size-large wp-image-2237\" src=\"https:\/\/agora.xtec.cat\/escsantnicolau\/wp-content\/uploads\/usu1034\/2020\/12\/photo_2020-12-17_10-48-52.jpg\" alt=\"\" width=\"828\" height=\"816\" srcset=\"https:\/\/agora.xtec.cat\/escsantnicolau\/wp-content\/uploads\/usu1034\/2020\/12\/photo_2020-12-17_10-48-52.jpg 828w, https:\/\/agora.xtec.cat\/escsantnicolau\/wp-content\/uploads\/usu1034\/2020\/12\/photo_2020-12-17_10-48-52-300x296.jpg 300w, https:\/\/agora.xtec.cat\/escsantnicolau\/wp-content\/uploads\/usu1034\/2020\/12\/photo_2020-12-17_10-48-52-768x757.jpg 768w\" sizes=\"auto, (max-width: 828px) 100vw, 828px\" \/><\/a> <a href=\"https:\/\/agora.xtec.cat\/escsantnicolau\/wp-content\/uploads\/usu1034\/2020\/12\/photo_2020-12-17_10-48-55.jpg\"><img loading=\"lazy\" decoding=\"async\" class=\"alignnone size-large wp-image-2238\" src=\"https:\/\/agora.xtec.cat\/escsantnicolau\/wp-content\/uploads\/usu1034\/2020\/12\/photo_2020-12-17_10-48-55.jpg\" alt=\"\" width=\"828\" height=\"468\" srcset=\"https:\/\/agora.xtec.cat\/escsantnicolau\/wp-content\/uploads\/usu1034\/2020\/12\/photo_2020-12-17_10-48-55.jpg 828w, https:\/\/agora.xtec.cat\/escsantnicolau\/wp-content\/uploads\/usu1034\/2020\/12\/photo_2020-12-17_10-48-55-300x170.jpg 300w, https:\/\/agora.xtec.cat\/escsantnicolau\/wp-content\/uploads\/usu1034\/2020\/12\/photo_2020-12-17_10-48-55-768x434.jpg 768w\" sizes=\"auto, (max-width: 828px) 100vw, 828px\" \/><\/a><\/p>\n","protected":false},"excerpt":{"rendered":"<p>Els nens i nenes de P5 hem anat a portar els nostres desitjos a l&#8217;arbre i despr\u00e9s vam veure la f\u00e0brica del Pare Noel i el pessebre del Casal.<br \/>\n<a href=\"https:\/\/agora.xtec.cat\/escsantnicolau\/wp-content\/uploads\/usu1034\/2020\/12\/photo_2020-12-17_10-48-44.jpg\"><\/a> <a href=\"https:\/\/agora.xtec.cat\/escsantnicolau\/wp-content\/uploads\/usu1034\/2020\/12\/photo_2020-12-17_10-49-06.jpg\"><\/a> <a href=\"https:\/\/agora.xtec.cat\/escsantnicolau\/wp-content\/uploads\/usu1034\/2020\/12\/photo_2020-12-17_10-48-52.jpg\"><\/a> <a href=\"https:\/\/agora.xtec.cat\/escsantnicolau\/wp-content\/uploads\/usu1034\/2020\/12\/photo_2020-12-17_10-48-55.jpg\"><\/a><\/p>\n","protected":false},"author":5,"featured_media":2238,"comment_status":"open","ping_status":"closed","sticky":false,"template":"","format":"standard","meta":{"_bbp_topic_count":0,"_bbp_reply_count":0,"_bbp_total_topic_count":0,"_bbp_total_reply_count":0,"_bbp_voice_count":0,"_bbp_anonymous_reply_count":0,"_bbp_topic_count_hidden":0,"_bbp_reply_count_hidden":0,"_bbp_forum_subforum_count":0,"footnotes":""},"categories":[1,2,9,4],"tags":[],"class_list":["post-2234","post","type-post","status-publish","format-standard","has-post-thumbnail","hentry","category-general","category-infantil","category-p5","category-portada"],"post_mailing_queue_ids":[],"_links":{"self":[{"href":"https:\/\/agora.xtec.cat\/escsantnicolau\/wp-json\/wp\/v2\/posts\/2234","targetHints":{"allow":["GET"]}}],"collection":[{"href":"https:\/\/agora.xtec.cat\/escsantnicolau\/wp-json\/wp\/v2\/posts"}],"about":[{"href":"https:\/\/agora.xtec.cat\/escsantnicolau\/wp-json\/wp\/v2\/types\/post"}],"author":[{"embeddable":true,"href":"https:\/\/agora.xtec.cat\/escsantnicolau\/wp-json\/wp\/v2\/users\/5"}],"replies":[{"embeddable":true,"href":"https:\/\/agora.xtec.cat\/escsantnicolau\/wp-json\/wp\/v2\/comments?post=2234"}],"version-history":[{"count":1,"href":"https:\/\/agora.xtec.cat\/escsantnicolau\/wp-json\/wp\/v2\/posts\/2234\/revisions"}],"predecessor-version":[{"id":2239,"href":"https:\/\/agora.xtec.cat\/escsantnicolau\/wp-json\/wp\/v2\/posts\/2234\/revisions\/2239"}],"wp:featuredmedia":[{"embeddable":true,"href":"https:\/\/agora.xtec.cat\/escsantnicolau\/wp-json\/wp\/v2\/media\/2238"}],"wp:attachment":[{"href":"https:\/\/agora.xtec.cat\/escsantnicolau\/wp-json\/wp\/v2\/media?parent=2234"}],"wp:term":[{"taxonomy":"category","embeddable":true,"href":"https:\/\/agora.xtec.cat\/escsantnicolau\/wp-json\/wp\/v2\/categories?post=2234"},{"taxonomy":"post_tag","embeddable":true,"href":"https:\/\/agora.xtec.cat\/escsantnicolau\/wp-json\/wp\/v2\/tags?post=2234"}],"curies":[{"name":"wp","href":"https:\/\/api.w.org\/{rel}","templated":true}]}}