{"id":2181,"date":"2020-11-20T20:31:32","date_gmt":"2020-11-20T19:31:32","guid":{"rendered":"http:\/\/agora.xtec.cat\/escsantnicolau\/?p=2181"},"modified":"2020-11-20T20:31:32","modified_gmt":"2020-11-20T19:31:32","slug":"setmana-de-la-musica","status":"publish","type":"post","link":"https:\/\/agora.xtec.cat\/escsantnicolau\/general\/setmana-de-la-musica\/","title":{"rendered":"Setmana de la m\u00fasica"},"content":{"rendered":"<p>Aquesta setmana la dediquem a la m\u00fasica. Tota l&#8217;escola ha treballat instruments de diferents pa\u00efsos i a primer hem fet una maraca! Que soni la m\u00fasica!<\/p>\n<p><a href=\"https:\/\/agora.xtec.cat\/escsantnicolau\/wp-content\/uploads\/usu1034\/2020\/11\/0967C36D-4F82-4CE4-B6F4-9862086151C9.jpeg\"><img loading=\"lazy\" decoding=\"async\" class=\"alignnone size-large wp-image-2182\" src=\"https:\/\/agora.xtec.cat\/escsantnicolau\/wp-content\/uploads\/usu1034\/2020\/11\/0967C36D-4F82-4CE4-B6F4-9862086151C9-768x1024.jpeg\" alt=\"\" width=\"768\" height=\"1024\" srcset=\"https:\/\/agora.xtec.cat\/escsantnicolau\/wp-content\/uploads\/usu1034\/2020\/11\/0967C36D-4F82-4CE4-B6F4-9862086151C9-768x1024.jpeg 768w, https:\/\/agora.xtec.cat\/escsantnicolau\/wp-content\/uploads\/usu1034\/2020\/11\/0967C36D-4F82-4CE4-B6F4-9862086151C9-225x300.jpeg 225w, https:\/\/agora.xtec.cat\/escsantnicolau\/wp-content\/uploads\/usu1034\/2020\/11\/0967C36D-4F82-4CE4-B6F4-9862086151C9.jpeg 960w\" sizes=\"auto, (max-width: 768px) 100vw, 768px\" \/><\/a> <a href=\"https:\/\/agora.xtec.cat\/escsantnicolau\/wp-content\/uploads\/usu1034\/2020\/11\/6CCF8C87-C179-43D1-9D32-B3AA35347F2C.jpeg\"><img loading=\"lazy\" decoding=\"async\" class=\"alignnone size-large wp-image-2183\" src=\"https:\/\/agora.xtec.cat\/escsantnicolau\/wp-content\/uploads\/usu1034\/2020\/11\/6CCF8C87-C179-43D1-9D32-B3AA35347F2C-768x1024.jpeg\" alt=\"\" width=\"768\" height=\"1024\" srcset=\"https:\/\/agora.xtec.cat\/escsantnicolau\/wp-content\/uploads\/usu1034\/2020\/11\/6CCF8C87-C179-43D1-9D32-B3AA35347F2C-768x1024.jpeg 768w, https:\/\/agora.xtec.cat\/escsantnicolau\/wp-content\/uploads\/usu1034\/2020\/11\/6CCF8C87-C179-43D1-9D32-B3AA35347F2C-225x300.jpeg 225w, https:\/\/agora.xtec.cat\/escsantnicolau\/wp-content\/uploads\/usu1034\/2020\/11\/6CCF8C87-C179-43D1-9D32-B3AA35347F2C.jpeg 960w\" sizes=\"auto, (max-width: 768px) 100vw, 768px\" \/><\/a><\/p>\n","protected":false},"excerpt":{"rendered":"<p>Aquesta setmana la dediquem a la m\u00fasica. Tota l&#8217;escola ha treballat instruments de diferents pa\u00efsos i a primer hem fet una maraca! Que soni la m\u00fasica!<br \/>\n<a href=\"https:\/\/agora.xtec.cat\/escsantnicolau\/wp-content\/uploads\/usu1034\/2020\/11\/0967C36D-4F82-4CE4-B6F4-9862086151C9.jpeg\"><\/a> <a href=\"https:\/\/agora.xtec.cat\/escsantnicolau\/wp-content\/uploads\/usu1034\/2020\/11\/6CCF8C87-C179-43D1-9D32-B3AA35347F2C.jpeg\"><\/a><\/p>\n","protected":false},"author":5,"featured_media":2183,"comment_status":"open","ping_status":"closed","sticky":false,"template":"","format":"standard","meta":{"_bbp_topic_count":0,"_bbp_reply_count":0,"_bbp_total_topic_count":0,"_bbp_total_reply_count":0,"_bbp_voice_count":0,"_bbp_anonymous_reply_count":0,"_bbp_topic_count_hidden":0,"_bbp_reply_count_hidden":0,"_bbp_forum_subforum_count":0,"footnotes":""},"categories":[10,1,4,5],"tags":[],"class_list":["post-2181","post","type-post","status-publish","format-standard","has-post-thumbnail","hentry","category-1r","category-general","category-portada","category-primaria"],"post_mailing_queue_ids":[],"_links":{"self":[{"href":"https:\/\/agora.xtec.cat\/escsantnicolau\/wp-json\/wp\/v2\/posts\/2181","targetHints":{"allow":["GET"]}}],"collection":[{"href":"https:\/\/agora.xtec.cat\/escsantnicolau\/wp-json\/wp\/v2\/posts"}],"about":[{"href":"https:\/\/agora.xtec.cat\/escsantnicolau\/wp-json\/wp\/v2\/types\/post"}],"author":[{"embeddable":true,"href":"https:\/\/agora.xtec.cat\/escsantnicolau\/wp-json\/wp\/v2\/users\/5"}],"replies":[{"embeddable":true,"href":"https:\/\/agora.xtec.cat\/escsantnicolau\/wp-json\/wp\/v2\/comments?post=2181"}],"version-history":[{"count":1,"href":"https:\/\/agora.xtec.cat\/escsantnicolau\/wp-json\/wp\/v2\/posts\/2181\/revisions"}],"predecessor-version":[{"id":2184,"href":"https:\/\/agora.xtec.cat\/escsantnicolau\/wp-json\/wp\/v2\/posts\/2181\/revisions\/2184"}],"wp:featuredmedia":[{"embeddable":true,"href":"https:\/\/agora.xtec.cat\/escsantnicolau\/wp-json\/wp\/v2\/media\/2183"}],"wp:attachment":[{"href":"https:\/\/agora.xtec.cat\/escsantnicolau\/wp-json\/wp\/v2\/media?parent=2181"}],"wp:term":[{"taxonomy":"category","embeddable":true,"href":"https:\/\/agora.xtec.cat\/escsantnicolau\/wp-json\/wp\/v2\/categories?post=2181"},{"taxonomy":"post_tag","embeddable":true,"href":"https:\/\/agora.xtec.cat\/escsantnicolau\/wp-json\/wp\/v2\/tags?post=2181"}],"curies":[{"name":"wp","href":"https:\/\/api.w.org\/{rel}","templated":true}]}}