{"id":1944,"date":"2020-05-26T21:22:43","date_gmt":"2020-05-26T19:22:43","guid":{"rendered":"http:\/\/agora.xtec.cat\/escsantnicolau\/?p=1944"},"modified":"2020-05-29T11:56:28","modified_gmt":"2020-05-29T09:56:28","slug":"reobertura-escola-sant-nicolau","status":"publish","type":"post","link":"https:\/\/agora.xtec.cat\/escsantnicolau\/general\/reobertura-escola-sant-nicolau\/","title":{"rendered":"Reobertura escola Sant Nicolau"},"content":{"rendered":"<p>&nbsp;<\/p>\n<p>PODEU CONSULTAR TOTA LA INFORMACI\u00d3 EN AQUEST DOCUMENT: <strong><a href=\"https:\/\/agora.xtec.cat\/escsantnicolau\/wp-content\/uploads\/usu1034\/2020\/05\/pla.dobertura-del.centre.pdf\">pla.d&#8217;obertura del.centre<\/a><\/strong><\/p>\n<p class=\"p1\"><span class=\"s1\">Benvolgudes fam\u00edlies, <\/span><\/p>\n<p class=\"p1\"><span class=\"s1\">Tenint en compte la possible obertura<span class=\"Apple-converted-space\">\u00a0 <\/span>de l\u2019escola a partir de l\u20191 de juny sempre i quan passem a la fase2, i seguint les mesures del Departament d\u2019Educaci\u00f3 us comuniquem:<\/span><\/p>\n<p class=\"p1\"><span class=\"s1\">&#8211; La tornada a l\u2019escola \u00e9s totalment volunt\u00e0ria.<\/span><\/p>\n<p class=\"p1\"><span class=\"s1\">&#8211; Les fam\u00edlies de P3, P4, P5 i 6\u00e8 rebreu una enquesta que haureu d\u2019emplenar abans de dijous dia 28 a les 10h, a fi de poder organitzar els grups per complir r\u00e0tios.<\/span><\/p>\n<p class=\"p1\"><span class=\"s1\">&#8211; El curs es continuar\u00e0 realitzant telem\u00e0ticament fins el 19 de juny per a tots els alumnes.<\/span><\/p>\n<p class=\"p1\"><span class=\"s1\">P3, P4 i P5<\/span><\/p>\n<p class=\"p1\"><span class=\"s1\">&#8211; Les fam\u00edlies haureu de demostrar amb un document que tots els adults treballen fora de casa i una declaraci\u00f3 responsable conforme els nens i nenes estan al dia amb les vacunes i entregar-ho a l\u2019escola. Nom\u00e9s aix\u00ed es podr\u00e0 venir.<\/span><\/p>\n<p class=\"p1\"><span class=\"s1\">&#8211; L\u2019horari ser\u00e0 de 9h a 13h de l\u20191 al 19 de juny, aquest podr\u00e0 variar en funci\u00f3 de la quantitat de nens i nenes en les entrades i sortides.<\/span><\/p>\n<p class=\"p1\"><span class=\"s1\">&#8211; Tutories individualitzades convocades per les mestres en funci\u00f3 de les necessitats de cada alumne a partir del 8 de juny. Caldr\u00e0 cita pr\u00e8via.<\/span><\/p>\n<p class=\"p1\"><span class=\"s1\">6\u00e8<\/span><\/p>\n<p class=\"p1\"><span class=\"s1\">&#8211; De l\u20191 al 19 de juny, podran venir de manera volunt\u00e0ria en grups m\u00e0xims de 13 alumnes organitzats pr\u00e8viament pels mestres a partir de les respostes rebudes en l\u2019enquesta. Se\u2019ls convocar\u00e0 un cop per setmana (dijous o divendres). Seran informats de l\u2019horari i dates.<\/span><\/p>\n<p class=\"p1\"><span class=\"s1\">&#8211; Tutories individualitzades convocades per les mestres en funci\u00f3 de les necessitats de cada alumne a partir del 8 de juny. Caldr\u00e0 cita pr\u00e8via.<\/span><\/p>\n<p class=\"p2\"><span class=\"s1\"><span class=\"Apple-converted-space\">\u00a0\u00a0<\/span><\/span><\/p>\n<p class=\"p1\"><span class=\"s1\">1r a 5\u00e8<\/span><\/p>\n<p class=\"p1\"><span class=\"s1\">&#8211; Tutories individualitzades convocades per les mestres en funci\u00f3 de les necessitats de cada alumne a partir del 8 de juny. Caldr\u00e0 cita pr\u00e8via.<\/span><\/p>\n<p class=\"p1\"><span class=\"s1\">&#8211; Tutories grups redu\u00efts a partir del 15 de juny de forma volunt\u00e0ria. Seran informats en l\u2019horari i dates.<\/span><\/p>\n<p class=\"p1\"><span class=\"s1\">Equip Directiu.<\/span><\/p>\n<p><a href=\"https:\/\/agora.xtec.cat\/escsantnicolau\/wp-content\/uploads\/usu1034\/2020\/05\/81C14038-76BA-4606-B309-31265344FC2B.jpeg\"><img loading=\"lazy\" decoding=\"async\" class=\"alignnone size-large wp-image-1945\" src=\"https:\/\/agora.xtec.cat\/escsantnicolau\/wp-content\/uploads\/usu1034\/2020\/05\/81C14038-76BA-4606-B309-31265344FC2B-410x1024.jpeg\" alt=\"\" width=\"410\" height=\"1024\" \/><\/a><\/p>\n","protected":false},"excerpt":{"rendered":"<p>&nbsp;<br \/>\nPODEU CONSULTAR TOTA LA INFORMACI\u00d3 EN AQUEST DOCUMENT: <a href=\"https:\/\/agora.xtec.cat\/escsantnicolau\/wp-content\/uploads\/usu1034\/2020\/05\/pla.dobertura-del.centre.pdf\">pla.d&#8217;obertura del.centre<\/a><br \/>\nBenvolgudes fam\u00edlies,<br \/>\nTenint en compte la possible obertura\u00a0 de l\u2019escola a partir de l\u20191 de juny sempre i quan passem a la fase2, i seguint les mesures del Departament d\u2019Educaci\u00f3 us comuniquem:<br \/>\n&#8211; La tornada a&hellip;  <a href=\"https:\/\/agora.xtec.cat\/escsantnicolau\/general\/reobertura-escola-sant-nicolau\/\" title=\"Read Reobertura escola Sant Nicolau\">Llegeix m\u00e9s\u00bb<\/a><\/p>\n","protected":false},"author":5,"featured_media":1945,"comment_status":"open","ping_status":"closed","sticky":false,"template":"","format":"standard","meta":{"_bbp_topic_count":0,"_bbp_reply_count":0,"_bbp_total_topic_count":0,"_bbp_total_reply_count":0,"_bbp_voice_count":0,"_bbp_anonymous_reply_count":0,"_bbp_topic_count_hidden":0,"_bbp_reply_count_hidden":0,"_bbp_forum_subforum_count":0,"footnotes":""},"categories":[7,1,2,4,5],"tags":[],"class_list":["post-1944","post","type-post","status-publish","format-standard","has-post-thumbnail","hentry","category-afa","category-general","category-infantil","category-portada","category-primaria"],"post_mailing_queue_ids":[],"_links":{"self":[{"href":"https:\/\/agora.xtec.cat\/escsantnicolau\/wp-json\/wp\/v2\/posts\/1944","targetHints":{"allow":["GET"]}}],"collection":[{"href":"https:\/\/agora.xtec.cat\/escsantnicolau\/wp-json\/wp\/v2\/posts"}],"about":[{"href":"https:\/\/agora.xtec.cat\/escsantnicolau\/wp-json\/wp\/v2\/types\/post"}],"author":[{"embeddable":true,"href":"https:\/\/agora.xtec.cat\/escsantnicolau\/wp-json\/wp\/v2\/users\/5"}],"replies":[{"embeddable":true,"href":"https:\/\/agora.xtec.cat\/escsantnicolau\/wp-json\/wp\/v2\/comments?post=1944"}],"version-history":[{"count":3,"href":"https:\/\/agora.xtec.cat\/escsantnicolau\/wp-json\/wp\/v2\/posts\/1944\/revisions"}],"predecessor-version":[{"id":1950,"href":"https:\/\/agora.xtec.cat\/escsantnicolau\/wp-json\/wp\/v2\/posts\/1944\/revisions\/1950"}],"wp:featuredmedia":[{"embeddable":true,"href":"https:\/\/agora.xtec.cat\/escsantnicolau\/wp-json\/wp\/v2\/media\/1945"}],"wp:attachment":[{"href":"https:\/\/agora.xtec.cat\/escsantnicolau\/wp-json\/wp\/v2\/media?parent=1944"}],"wp:term":[{"taxonomy":"category","embeddable":true,"href":"https:\/\/agora.xtec.cat\/escsantnicolau\/wp-json\/wp\/v2\/categories?post=1944"},{"taxonomy":"post_tag","embeddable":true,"href":"https:\/\/agora.xtec.cat\/escsantnicolau\/wp-json\/wp\/v2\/tags?post=1944"}],"curies":[{"name":"wp","href":"https:\/\/api.w.org\/{rel}","templated":true}]}}