{"id":1908,"date":"2020-05-08T11:42:32","date_gmt":"2020-05-08T09:42:32","guid":{"rendered":"http:\/\/agora.xtec.cat\/escsantnicolau\/?p=1908"},"modified":"2020-05-14T20:58:33","modified_gmt":"2020-05-14T18:58:33","slug":"preinscripcions-curs-2020-21","status":"publish","type":"post","link":"https:\/\/agora.xtec.cat\/escsantnicolau\/infantil\/preinscripcions-curs-2020-21\/","title":{"rendered":"PREINSCRIPCIONS CURS 2020-21 (actualitzat)"},"content":{"rendered":"<p style=\"text-align: center;\"><strong>PREINSCRIPCIONS CURS 2020-21<\/strong><\/p>\n<p>? La setmana que ve comen\u00e7a la preinscripci\u00f3 escolar per a educaci\u00f3 infantil, prim\u00e0ria i ESO. Ser\u00e0 entre el 13 i el 22 de maig.<br \/>\nTots els tr\u00e0mits es podran fer en l\u00ednia, per evitar despla\u00e7aments als centres: ? A trav\u00e9s d&#8217;un formulari<br \/>\n? Enviant per correu electr\u00f2nic la documentaci\u00f3 al centre que s&#8217;hagi demanat en primera opci\u00f3.<\/p>\n<p>Si teniu problemes, tamb\u00e9 podreu fer-ho presencialment entre el 19 i el 22 de maig, per\u00f2 nom\u00e9s amb cita pr\u00e8via, que es podr\u00e0 demanar a partir del dia 13 \u260e\ufe0f trucant al centre triat en primera opci\u00f3 o ? per internet.<\/p>\n<p><a href=\"http:\/\/ensenyament.gencat.cat\/ca\/inici\/nota-premsa\/?id=385690\">http:\/\/ensenyament.gencat.cat\/ca\/inici\/nota-premsa\/?id=385690<\/a><\/p>\n<p>&nbsp;<\/p>\n<p>solicitud de preinscripci\u00f3: <a href=\"https:\/\/agora.xtec.cat\/escsantnicolau\/wp-content\/uploads\/usu1034\/2020\/05\/doc_26773682.pdf\" target=\"_blank\" rel=\"noopener noreferrer\">formulari de sol\u00b7licitud<\/a><\/p>\n<p>Documentaci\u00f3 que heu de presentar: <a href=\"https:\/\/agora.xtec.cat\/escsantnicolau\/wp-content\/uploads\/usu1034\/2020\/05\/infpreinscripcions20.21.pdf\">infpreinscripcions20.21<\/a><\/p>\n<p>El codi del nostre centre \u00e9s: 08015399<\/p>\n<p>Aplicaci\u00f3 per demanar cita pr\u00e8via per fer la inscripci\u00f3 presencial: <a href=\"https:\/\/aplicacions.gestioeducativa.gencat.cat\/pls\/apex\/f?p=CITA_PREVIA:4::::4:P4_TIPUS_CALENDARI,P4_DOMINI:01_Oblig,08015399\">https:\/\/aplicacions.gestioeducativa.gencat.cat\/pls\/apex\/f?p=CITA_PREVIA:4::::4:P4_TIPUS_CALENDARI,P4_DOMINI:01_Oblig,08015399<\/a><\/p>\n<p>&nbsp;<\/p>\n<p>Poder sol\u00b7licitar cita pr\u00e8via a trav\u00e9s de:<\/p>\n<p>Correu electr\u00f2nic:\u00a0 <a href=\"mailto:a8015399@xtec.cat\"><strong>a8015399<span class=\"\">@xtec.cat<\/span><\/strong><\/a><\/p>\n<p>A partir del dimecres 13 de maig trucant a l&#8217;escola de 9h a 13&#8217;30:\u00a0 <strong>93.818.88.80 \/ <\/strong>\u00a0<strong>667 05 16 46<\/strong><\/p>\n","protected":false},"excerpt":{"rendered":"<p>PREINSCRIPCIONS CURS 2020-21<br \/>\n? La setmana que ve comen\u00e7a la preinscripci\u00f3 escolar per a educaci\u00f3 infantil, prim\u00e0ria i ESO. Ser\u00e0 entre el 13 i el 22 de maig.<br \/>\nTots els tr\u00e0mits es podran fer en l\u00ednia, per evitar despla\u00e7aments als centres: ? A trav\u00e9s d&#8217;un formulari<br \/>\n? Enviant&hellip;  <a href=\"https:\/\/agora.xtec.cat\/escsantnicolau\/infantil\/preinscripcions-curs-2020-21\/\" title=\"Read PREINSCRIPCIONS CURS 2020-21 (actualitzat)\">Llegeix m\u00e9s\u00bb<\/a><\/p>\n","protected":false},"author":5,"featured_media":1909,"comment_status":"open","ping_status":"closed","sticky":false,"template":"","format":"standard","meta":{"_bbp_topic_count":0,"_bbp_reply_count":0,"_bbp_total_topic_count":0,"_bbp_total_reply_count":0,"_bbp_voice_count":0,"_bbp_anonymous_reply_count":0,"_bbp_topic_count_hidden":0,"_bbp_reply_count_hidden":0,"_bbp_forum_subforum_count":0,"footnotes":""},"categories":[7,2,4,5],"tags":[],"class_list":["post-1908","post","type-post","status-publish","format-standard","has-post-thumbnail","hentry","category-afa","category-infantil","category-portada","category-primaria"],"post_mailing_queue_ids":[],"_links":{"self":[{"href":"https:\/\/agora.xtec.cat\/escsantnicolau\/wp-json\/wp\/v2\/posts\/1908","targetHints":{"allow":["GET"]}}],"collection":[{"href":"https:\/\/agora.xtec.cat\/escsantnicolau\/wp-json\/wp\/v2\/posts"}],"about":[{"href":"https:\/\/agora.xtec.cat\/escsantnicolau\/wp-json\/wp\/v2\/types\/post"}],"author":[{"embeddable":true,"href":"https:\/\/agora.xtec.cat\/escsantnicolau\/wp-json\/wp\/v2\/users\/5"}],"replies":[{"embeddable":true,"href":"https:\/\/agora.xtec.cat\/escsantnicolau\/wp-json\/wp\/v2\/comments?post=1908"}],"version-history":[{"count":4,"href":"https:\/\/agora.xtec.cat\/escsantnicolau\/wp-json\/wp\/v2\/posts\/1908\/revisions"}],"predecessor-version":[{"id":1923,"href":"https:\/\/agora.xtec.cat\/escsantnicolau\/wp-json\/wp\/v2\/posts\/1908\/revisions\/1923"}],"wp:featuredmedia":[{"embeddable":true,"href":"https:\/\/agora.xtec.cat\/escsantnicolau\/wp-json\/wp\/v2\/media\/1909"}],"wp:attachment":[{"href":"https:\/\/agora.xtec.cat\/escsantnicolau\/wp-json\/wp\/v2\/media?parent=1908"}],"wp:term":[{"taxonomy":"category","embeddable":true,"href":"https:\/\/agora.xtec.cat\/escsantnicolau\/wp-json\/wp\/v2\/categories?post=1908"},{"taxonomy":"post_tag","embeddable":true,"href":"https:\/\/agora.xtec.cat\/escsantnicolau\/wp-json\/wp\/v2\/tags?post=1908"}],"curies":[{"name":"wp","href":"https:\/\/api.w.org\/{rel}","templated":true}]}}