{"id":1599,"date":"2019-12-09T19:46:08","date_gmt":"2019-12-09T18:46:08","guid":{"rendered":"http:\/\/agora.xtec.cat\/escsantnicolau\/?p=1599"},"modified":"2019-12-09T19:46:08","modified_gmt":"2019-12-09T18:46:08","slug":"estrenem-pavello","status":"publish","type":"post","link":"https:\/\/agora.xtec.cat\/escsantnicolau\/general\/estrenem-pavello\/","title":{"rendered":"Estrenem pavell\u00f3!!"},"content":{"rendered":"<p><span>La tarda de la diada dels m\u00fasics va ser molt especial, vam anar per primer cop al nou pavell\u00f3!<\/span><br \/>\n<span>Ens vam divertir molt amb l\u2019actuaci\u00f3 d\u2019en Paulo i la seva m\u00e0quina d\u2019escriure. Despr\u00e9s els estudiants de l\u2019escola ens van regalar una actuaci\u00f3 de balls populars fant\u00e0stics. Ens va agradar\u00a0 molt!<\/span><\/p>\n<p><a href=\"https:\/\/agora.xtec.cat\/escsantnicolau\/wp-content\/uploads\/usu1034\/2019\/12\/20191209_193558.jpg\"><img loading=\"lazy\" decoding=\"async\" class=\"alignnone size-large wp-image-1600\" src=\"https:\/\/agora.xtec.cat\/escsantnicolau\/wp-content\/uploads\/usu1034\/2019\/12\/20191209_193558-1024x595.jpg\" alt=\"\" width=\"1024\" height=\"595\" srcset=\"https:\/\/agora.xtec.cat\/escsantnicolau\/wp-content\/uploads\/usu1034\/2019\/12\/20191209_193558-1024x595.jpg 1024w, https:\/\/agora.xtec.cat\/escsantnicolau\/wp-content\/uploads\/usu1034\/2019\/12\/20191209_193558-300x174.jpg 300w, https:\/\/agora.xtec.cat\/escsantnicolau\/wp-content\/uploads\/usu1034\/2019\/12\/20191209_193558-768x446.jpg 768w, https:\/\/agora.xtec.cat\/escsantnicolau\/wp-content\/uploads\/usu1034\/2019\/12\/20191209_193558.jpg 1053w\" sizes=\"auto, (max-width: 1024px) 100vw, 1024px\" \/><\/a><a href=\"https:\/\/agora.xtec.cat\/escsantnicolau\/wp-content\/uploads\/usu1034\/2019\/12\/20191209_194102.jpg\"><img loading=\"lazy\" decoding=\"async\" class=\"alignnone size-large wp-image-1601\" src=\"https:\/\/agora.xtec.cat\/escsantnicolau\/wp-content\/uploads\/usu1034\/2019\/12\/20191209_194102-1024x782.jpg\" alt=\"\" width=\"1024\" height=\"782\" srcset=\"https:\/\/agora.xtec.cat\/escsantnicolau\/wp-content\/uploads\/usu1034\/2019\/12\/20191209_194102-1024x782.jpg 1024w, https:\/\/agora.xtec.cat\/escsantnicolau\/wp-content\/uploads\/usu1034\/2019\/12\/20191209_194102-300x229.jpg 300w, https:\/\/agora.xtec.cat\/escsantnicolau\/wp-content\/uploads\/usu1034\/2019\/12\/20191209_194102-768x586.jpg 768w, https:\/\/agora.xtec.cat\/escsantnicolau\/wp-content\/uploads\/usu1034\/2019\/12\/20191209_194102.jpg 1060w\" sizes=\"auto, (max-width: 1024px) 100vw, 1024px\" \/><\/a><\/p>\n","protected":false},"excerpt":{"rendered":"<p>La tarda de la diada dels m\u00fasics va ser molt especial, vam anar per primer cop al nou pavell\u00f3!<br \/>\nEns vam divertir molt amb l\u2019actuaci\u00f3 d\u2019en Paulo i la seva m\u00e0quina d\u2019escriure. Despr\u00e9s els estudiants de l\u2019escola ens van regalar una actuaci\u00f3 de balls populars fant\u00e0stics.&hellip;  <a href=\"https:\/\/agora.xtec.cat\/escsantnicolau\/general\/estrenem-pavello\/\" title=\"Read Estrenem pavell\u00f3!!\">Llegeix m\u00e9s\u00bb<\/a><\/p>\n","protected":false},"author":5,"featured_media":1600,"comment_status":"open","ping_status":"closed","sticky":false,"template":"","format":"standard","meta":{"_bbp_topic_count":0,"_bbp_reply_count":0,"_bbp_total_topic_count":0,"_bbp_total_reply_count":0,"_bbp_voice_count":0,"_bbp_anonymous_reply_count":0,"_bbp_topic_count_hidden":0,"_bbp_reply_count_hidden":0,"_bbp_forum_subforum_count":0,"footnotes":""},"categories":[7,1,2,4,5],"tags":[],"class_list":["post-1599","post","type-post","status-publish","format-standard","has-post-thumbnail","hentry","category-afa","category-general","category-infantil","category-portada","category-primaria"],"post_mailing_queue_ids":[],"_links":{"self":[{"href":"https:\/\/agora.xtec.cat\/escsantnicolau\/wp-json\/wp\/v2\/posts\/1599","targetHints":{"allow":["GET"]}}],"collection":[{"href":"https:\/\/agora.xtec.cat\/escsantnicolau\/wp-json\/wp\/v2\/posts"}],"about":[{"href":"https:\/\/agora.xtec.cat\/escsantnicolau\/wp-json\/wp\/v2\/types\/post"}],"author":[{"embeddable":true,"href":"https:\/\/agora.xtec.cat\/escsantnicolau\/wp-json\/wp\/v2\/users\/5"}],"replies":[{"embeddable":true,"href":"https:\/\/agora.xtec.cat\/escsantnicolau\/wp-json\/wp\/v2\/comments?post=1599"}],"version-history":[{"count":1,"href":"https:\/\/agora.xtec.cat\/escsantnicolau\/wp-json\/wp\/v2\/posts\/1599\/revisions"}],"predecessor-version":[{"id":1602,"href":"https:\/\/agora.xtec.cat\/escsantnicolau\/wp-json\/wp\/v2\/posts\/1599\/revisions\/1602"}],"wp:featuredmedia":[{"embeddable":true,"href":"https:\/\/agora.xtec.cat\/escsantnicolau\/wp-json\/wp\/v2\/media\/1600"}],"wp:attachment":[{"href":"https:\/\/agora.xtec.cat\/escsantnicolau\/wp-json\/wp\/v2\/media?parent=1599"}],"wp:term":[{"taxonomy":"category","embeddable":true,"href":"https:\/\/agora.xtec.cat\/escsantnicolau\/wp-json\/wp\/v2\/categories?post=1599"},{"taxonomy":"post_tag","embeddable":true,"href":"https:\/\/agora.xtec.cat\/escsantnicolau\/wp-json\/wp\/v2\/tags?post=1599"}],"curies":[{"name":"wp","href":"https:\/\/api.w.org\/{rel}","templated":true}]}}