{"id":13,"date":"2014-09-18T11:49:40","date_gmt":"2014-09-18T11:49:40","guid":{"rendered":"http:\/\/agora.xtec.cat\/escsantnicolau\/?p=13"},"modified":"2016-10-08T17:10:27","modified_gmt":"2016-10-08T16:10:27","slug":"noticia","status":"publish","type":"post","link":"https:\/\/agora.xtec.cat\/escsantnicolau\/infantil\/p3\/noticia\/","title":{"rendered":"Impuls de la lectura"},"content":{"rendered":"<p>L&#8217;escola participa en el Pla Nacional de Lectura del Departament d&#8217;Ensenyament de la Generalitat, establint com a objectiu estrat\u00e8gic la millora de l&#8217;\u00e8xit escolar de tots els alumnes. I ho farem potenciant la lectura sistem\u00e0tica en totes les \u00e0rees i mat\u00e8ries del curr\u00edculum al llarg de tota l&#8217;educaci\u00f3 prim\u00e0ria per augmentar la compet\u00e8ncia comunicativa ling\u00fc\u00edstica i el desenvolupament de l&#8217;h\u00e0bit lector dels infants i joves, tenint present que la compet\u00e8ncia lectora \u00e9s a la base de molts dels aprenentatges i un requisit per participar amb \u00e8xit en bona part dels \u00e0mbits de la vida adulta.<img decoding=\"async\" class=\"alignright\" src=\"http:\/\/ensenyament.gencat.cat\/web\/.content\/home\/arees-actuacio\/centres-serveis-educatius\/projectes-educatius\/impuls-lectura\/impulsm.jpg\" alt=\"impuls de la lectura\" \/><\/p>\n<p>&nbsp;<\/p>\n","protected":false},"excerpt":{"rendered":"<p>L&#8217;escola participa en el Pla Nacional de Lectura del Departament d&#8217;Ensenyament de la Generalitat, establint com a objectiu estrat\u00e8gic la millora de l&#8217;\u00e8xit escolar de tots els alumnes. I ho farem potenciant la lectura sistem\u00e0tica en totes les \u00e0rees i mat\u00e8ries del curr\u00edculum al llarg&hellip;  <a href=\"https:\/\/agora.xtec.cat\/escsantnicolau\/infantil\/p3\/noticia\/\" title=\"Read Impuls de la lectura\">Llegeix m\u00e9s\u00bb<\/a><\/p>\n","protected":false},"author":2,"featured_media":0,"comment_status":"open","ping_status":"open","sticky":false,"template":"","format":"standard","meta":{"_bbp_topic_count":0,"_bbp_reply_count":0,"_bbp_total_topic_count":0,"_bbp_total_reply_count":0,"_bbp_voice_count":0,"_bbp_anonymous_reply_count":0,"_bbp_topic_count_hidden":0,"_bbp_reply_count_hidden":0,"_bbp_forum_subforum_count":0,"footnotes":""},"categories":[11,13,15,3,8,4],"tags":[19],"class_list":["post-13","post","type-post","status-publish","format-standard","hentry","category-2n","category-4t","category-6e","category-p3","category-p4","category-portada","tag-audiovisuals"],"post_mailing_queue_ids":[],"_links":{"self":[{"href":"https:\/\/agora.xtec.cat\/escsantnicolau\/wp-json\/wp\/v2\/posts\/13","targetHints":{"allow":["GET"]}}],"collection":[{"href":"https:\/\/agora.xtec.cat\/escsantnicolau\/wp-json\/wp\/v2\/posts"}],"about":[{"href":"https:\/\/agora.xtec.cat\/escsantnicolau\/wp-json\/wp\/v2\/types\/post"}],"author":[{"embeddable":true,"href":"https:\/\/agora.xtec.cat\/escsantnicolau\/wp-json\/wp\/v2\/users\/2"}],"replies":[{"embeddable":true,"href":"https:\/\/agora.xtec.cat\/escsantnicolau\/wp-json\/wp\/v2\/comments?post=13"}],"version-history":[{"count":3,"href":"https:\/\/agora.xtec.cat\/escsantnicolau\/wp-json\/wp\/v2\/posts\/13\/revisions"}],"predecessor-version":[{"id":238,"href":"https:\/\/agora.xtec.cat\/escsantnicolau\/wp-json\/wp\/v2\/posts\/13\/revisions\/238"}],"wp:attachment":[{"href":"https:\/\/agora.xtec.cat\/escsantnicolau\/wp-json\/wp\/v2\/media?parent=13"}],"wp:term":[{"taxonomy":"category","embeddable":true,"href":"https:\/\/agora.xtec.cat\/escsantnicolau\/wp-json\/wp\/v2\/categories?post=13"},{"taxonomy":"post_tag","embeddable":true,"href":"https:\/\/agora.xtec.cat\/escsantnicolau\/wp-json\/wp\/v2\/tags?post=13"}],"curies":[{"name":"wp","href":"https:\/\/api.w.org\/{rel}","templated":true}]}}