{"id":560,"date":"2016-10-06T14:09:00","date_gmt":"2016-10-06T12:09:00","guid":{"rendered":"http:\/\/agora.xtec.cat\/escsantiagorates\/general\/dansa-torrem-torrem-castanyes\/"},"modified":"2018-12-16T18:41:31","modified_gmt":"2018-12-16T17:41:31","slug":"dansa-torrem-torrem-castanyes","status":"publish","type":"post","link":"https:\/\/agora.xtec.cat\/escsantiagorates\/general\/dansa-torrem-torrem-castanyes\/","title":{"rendered":"Dansa &#8220;Torrem, torrem castanyes&#8221;"},"content":{"rendered":"<p>Els nens i nenes d&#8217;Educaci\u00f3 Infantil ballaran aquesta can\u00e7\u00f3 per la festa de la Castanyada<\/p>\n<div style=\"clear: both; text-align: center;\"><iframe loading=\"lazy\" src=\"https:\/\/www.youtube.com\/embed\/Mgv0IaE3tfo?feature=player_embedded\" width=\"320\" height=\"266\" frameborder=\"0\" allowfullscreen=\"allowfullscreen\" data-thumbnail-src=\"https:\/\/i.ytimg.com\/vi\/Mgv0IaE3tfo\/0.jpg\"><\/iframe><\/div>\n<p>&nbsp;<\/p>\n","protected":false},"excerpt":{"rendered":"<p>Els nens i nenes d&#8217;Educaci\u00f3 Infantil ballaran aquesta can\u00e7\u00f3 per la festa de la Castanyada<\/p>\n<p>&nbsp;<\/p>\n","protected":false},"author":3,"featured_media":0,"comment_status":"open","ping_status":"closed","sticky":false,"template":"","format":"standard","meta":{"_bbp_topic_count":0,"_bbp_reply_count":0,"_bbp_total_topic_count":0,"_bbp_total_reply_count":0,"_bbp_voice_count":0,"_bbp_anonymous_reply_count":0,"_bbp_topic_count_hidden":0,"_bbp_reply_count_hidden":0,"_bbp_forum_subforum_count":0,"footnotes":""},"categories":[1],"tags":[],"class_list":["post-560","post","type-post","status-publish","format-standard","hentry","category-general"],"post_mailing_queue_ids":[],"_links":{"self":[{"href":"https:\/\/agora.xtec.cat\/escsantiagorates\/wp-json\/wp\/v2\/posts\/560","targetHints":{"allow":["GET"]}}],"collection":[{"href":"https:\/\/agora.xtec.cat\/escsantiagorates\/wp-json\/wp\/v2\/posts"}],"about":[{"href":"https:\/\/agora.xtec.cat\/escsantiagorates\/wp-json\/wp\/v2\/types\/post"}],"author":[{"embeddable":true,"href":"https:\/\/agora.xtec.cat\/escsantiagorates\/wp-json\/wp\/v2\/users\/3"}],"replies":[{"embeddable":true,"href":"https:\/\/agora.xtec.cat\/escsantiagorates\/wp-json\/wp\/v2\/comments?post=560"}],"version-history":[{"count":1,"href":"https:\/\/agora.xtec.cat\/escsantiagorates\/wp-json\/wp\/v2\/posts\/560\/revisions"}],"predecessor-version":[{"id":1140,"href":"https:\/\/agora.xtec.cat\/escsantiagorates\/wp-json\/wp\/v2\/posts\/560\/revisions\/1140"}],"wp:attachment":[{"href":"https:\/\/agora.xtec.cat\/escsantiagorates\/wp-json\/wp\/v2\/media?parent=560"}],"wp:term":[{"taxonomy":"category","embeddable":true,"href":"https:\/\/agora.xtec.cat\/escsantiagorates\/wp-json\/wp\/v2\/categories?post=560"},{"taxonomy":"post_tag","embeddable":true,"href":"https:\/\/agora.xtec.cat\/escsantiagorates\/wp-json\/wp\/v2\/tags?post=560"}],"curies":[{"name":"wp","href":"https:\/\/api.w.org\/{rel}","templated":true}]}}