{"id":548,"date":"2017-01-09T15:07:00","date_gmt":"2017-01-09T14:07:00","guid":{"rendered":"http:\/\/agora.xtec.cat\/escsantiagorates\/general\/dia-de-la-pau-30-de-gener\/"},"modified":"2017-01-09T15:07:00","modified_gmt":"2017-01-09T14:07:00","slug":"dia-de-la-pau-30-de-gener","status":"publish","type":"post","link":"https:\/\/agora.xtec.cat\/escsantiagorates\/general\/dia-de-la-pau-30-de-gener\/","title":{"rendered":"Dia de la Pau (30 de gener)"},"content":{"rendered":"<p>Hola nois i noies,<\/p>\n<p>Agafem forces despr\u00e9s de tantes vacances per aprendre&#8217;ns aquesta can\u00e7\u00f3 de &#8220;La Trinca&#8221; versionada per &#8220;Sabor de Gracia&#8221;. La cantarem tots els nens i nenes de l&#8217;escola el dia de la Pau.<\/p>\n<div style=\"text-align: center;\"><b><u>LA TRINCA<\/u><\/b><\/div>\n<div style=\"text-align: center;\"><b><u><br \/><\/u><\/b><\/div>\n<div style=\"clear: both; text-align: center;\"><iframe loading=\"lazy\" width=\"320\" height=\"266\" data-thumbnail-src=\"https:\/\/i.ytimg.com\/vi\/UNnNOs_zSts\/0.jpg\" src=\"https:\/\/www.youtube.com\/embed\/UNnNOs_zSts?feature=player_embedded\" frameborder=\"0\" allowfullscreen><\/iframe><\/div>\n<p><\/p>\n<div style=\"text-align: center;\"><b><u>SABOR DE GRACIA<\/u><\/b><\/div>\n<div style=\"text-align: center;\"><b><u><br \/><\/u><\/b><\/div>\n<div style=\"clear: both; text-align: center;\"><iframe loading=\"lazy\" width=\"320\" height=\"266\" data-thumbnail-src=\"https:\/\/i.ytimg.com\/vi\/WCiWInKjWC0\/0.jpg\" src=\"https:\/\/www.youtube.com\/embed\/WCiWInKjWC0?feature=player_embedded\" frameborder=\"0\" allowfullscreen><\/iframe><\/div>\n<div style=\"-webkit-text-stroke-width: 0px; background-color: white; border: 0px; color: #242626; font-family: Arial, Verdana, sans-serif; font-size: 13.6px; font-style: normal; font-variant-caps: normal; font-variant-ligatures: normal; font-weight: normal; letter-spacing: normal; margin: 0px; orphans: 2; outline: 0px; padding: 0px; text-align: start; text-indent: 0px; text-transform: none; vertical-align: baseline; white-space: normal; widows: 2; word-spacing: 0px;\"><\/div>\n<p><\/p>\n<div style=\"background-color: white; border: 0px; margin: 0px; orphans: 2; outline: 0px; padding: 0px; text-align: start; text-indent: 0px; vertical-align: baseline; widows: 2;\"><\/div>\n<div style=\"-webkit-text-stroke-width: 0px; color: #242626; font-style: normal; font-variant-caps: normal; font-variant-ligatures: normal; font-weight: normal; letter-spacing: normal; text-align: center; text-transform: none; white-space: normal; word-spacing: 0px;\"><span style=\"font-family: Arial, Helvetica, sans-serif; font-size: large;\">Ning\u00fa no compr\u00e8n ning\u00fa,<\/span><\/div>\n<div style=\"-webkit-text-stroke-width: 0px; color: #242626; font-style: normal; font-variant-caps: normal; font-variant-ligatures: normal; font-weight: normal; letter-spacing: normal; text-align: center; text-transform: none; white-space: normal; word-spacing: 0px;\"><span style=\"font-family: Arial, Helvetica, sans-serif; font-size: large;\">per\u00f2 nosaltres som nosaltres<\/span><\/div>\n<div style=\"-webkit-text-stroke-width: 0px; color: #242626; font-style: normal; font-variant-caps: normal; font-variant-ligatures: normal; font-weight: normal; letter-spacing: normal; text-align: center; text-transform: none; white-space: normal; word-spacing: 0px;\"><span style=\"font-family: Arial, Helvetica, sans-serif; font-size: large;\">i sabem all\u00f2 que \u00e9s bo:<\/span><\/div>\n<div style=\"-webkit-text-stroke-width: 0px; color: #242626; font-variant-caps: normal; font-variant-ligatures: normal; font-weight: normal; letter-spacing: normal; text-align: center; text-transform: none; white-space: normal; word-spacing: 0px;\"><span style=\"font-family: Arial, Helvetica, sans-serif; font-size: large;\"><i>sentir el sol damunt la cara<\/i><\/span><\/div>\n<div style=\"-webkit-text-stroke-width: 0px; color: #242626; font-variant-caps: normal; font-variant-ligatures: normal; font-weight: normal; letter-spacing: normal; text-align: center; text-transform: none; white-space: normal; word-spacing: 0px;\"><span style=\"font-family: Arial, Helvetica, sans-serif; font-size: large;\"><i>i estimar-se de deb\u00f2,<\/i><\/span><\/div>\n<div style=\"-webkit-text-stroke-width: 0px; color: #242626; font-variant-caps: normal; font-variant-ligatures: normal; font-weight: normal; letter-spacing: normal; text-align: center; text-transform: none; white-space: normal; word-spacing: 0px;\"><span style=\"font-family: Arial, Helvetica, sans-serif; font-size: large;\"><i>i trobar-se viu encara<\/i><\/span><\/div>\n<div style=\"-webkit-text-stroke-width: 0px; color: #242626; font-variant-caps: normal; font-variant-ligatures: normal; font-weight: normal; letter-spacing: normal; text-align: center; text-transform: none; white-space: normal; word-spacing: 0px;\"><span style=\"font-family: Arial, Helvetica, sans-serif; font-size: large;\"><i>i cantar sense cap dol.<\/i><\/span><\/div>\n<div style=\"text-align: center;\">\n<div style=\"color: #242626;\"><span style=\"font-family: Arial, Helvetica, sans-serif; font-size: large;\"><i>Sentir el sol damunt la cara<\/i><\/span><\/div>\n<div style=\"color: #242626;\"><span style=\"font-family: Arial, Helvetica, sans-serif; font-size: large;\"><i>i estimar-se de deb\u00f2,<\/i><\/span><\/div>\n<div style=\"color: #242626;\"><span style=\"font-family: Arial, Helvetica, sans-serif; font-size: large;\"><i>i trobar-se viu encara<\/i><\/span><\/div>\n<div style=\"color: #242626;\"><span style=\"font-family: Arial, Helvetica, sans-serif; font-size: large;\"><i>i cantar sense cap dol.<\/i><\/span><\/div>\n<div style=\"color: #242626;\"><span style=\"font-family: Arial, Helvetica, sans-serif; font-size: large;\"><br \/><\/span><\/div>\n<div style=\"color: #242626;\"><span style=\"font-family: Arial, Helvetica, sans-serif; font-size: large;\"><br \/><\/span><\/div>\n<\/div>\n<p><span style=\"font-family: Arial, Helvetica, sans-serif; font-size: large;\"><span style=\"color: #242626;\"><\/p>\n<div style=\"text-align: center;\">Ning\u00fa no compr\u00e8n ning\u00fa,<\/div>\n<p><\/span><span style=\"color: #242626;\"><\/p>\n<div style=\"text-align: center;\">per\u00f2 nosaltres som nosaltres<\/div>\n<p><\/span><span style=\"color: #242626;\"><\/p>\n<div style=\"text-align: center;\">i volem un m\u00f3n tot nou,<\/div>\n<p><\/span><i><span style=\"color: #242626;\"><\/p>\n<div style=\"text-align: center;\">amb un cel net d&#8217;amenaces,<\/div>\n<p><\/span><span style=\"color: #242626;\"><\/p>\n<div style=\"text-align: center;\">amb tres n\u00favols per quan plou,<\/div>\n<p><\/span><span style=\"color: #242626;\"><\/p>\n<div style=\"text-align: center;\">amb el mar a quatre passes<\/div>\n<p><\/span><span style=\"color: #242626;\"><\/p>\n<div style=\"text-align: center;\">i els que som companys i prou.<\/div>\n<div style=\"text-align: center;\"><span style=\"text-align: start;\"><\/p>\n<div style=\"text-align: center;\">Amb un cel net d&#8217;amenaces,<\/div>\n<p><\/span><span style=\"text-align: start;\"><\/p>\n<div style=\"text-align: center;\">amb tres n\u00favols per quan plou,<\/div>\n<p><\/span><span style=\"text-align: start;\"><\/p>\n<div style=\"text-align: center;\">amb el mar a quatre passes<\/div>\n<p><\/span><span style=\"text-align: start;\"><\/p>\n<div style=\"text-align: center;\">i els que som companys i prou.<\/div>\n<p><\/span><\/div>\n<p><\/span><\/i><\/span><\/p>\n<div style=\"text-align: center;\"><span style=\"font-family: Arial, Helvetica, sans-serif; font-size: large;\"><br \/><\/span><\/div>\n<div style=\"text-align: center;\"><span style=\"font-family: Arial, Helvetica, sans-serif; font-size: large;\"><br \/><\/span><\/div>\n<p><span style=\"font-family: Arial, Helvetica, sans-serif; font-size: large;\"><span style=\"color: #242626;\"><\/p>\n<div style=\"text-align: center;\">Ning\u00fa compr\u00e8n ning\u00fa,<\/div>\n<p><\/span><span style=\"color: #242626;\"><\/p>\n<div style=\"text-align: center;\">per\u00f2 nosaltres som nosaltres<\/div>\n<p><\/span><span style=\"color: #242626;\"><\/p>\n<div style=\"text-align: center;\">i sabem la veritat:<\/div>\n<p><\/span><i><span style=\"color: #242626;\"><\/p>\n<div style=\"text-align: center;\">Que la terra no \u00e9s partida<\/div>\n<p><\/span><span style=\"color: #242626;\"><\/p>\n<div style=\"text-align: center;\">com un mapa mal pintat,<\/div>\n<p><\/span><span style=\"color: #242626;\"><\/p>\n<div style=\"text-align: center;\">i que aix\u00f2 \u00e9s una mentida<\/div>\n<p><\/span><span style=\"color: #242626;\"><\/p>\n<div style=\"text-align: center;\">de molt mala voluntat.<\/div>\n<div style=\"text-align: center;\"><span style=\"text-align: start;\"><\/p>\n<div style=\"text-align: center;\">Que la terra no \u00e9s partida<\/div>\n<p><\/span><span style=\"text-align: start;\"><\/p>\n<div style=\"text-align: center;\">com un mapa mal pintat,<\/div>\n<p><\/span><span style=\"text-align: start;\"><\/p>\n<div style=\"text-align: center;\">i que aix\u00f2 \u00e9s una mentida<\/div>\n<p><\/span><span style=\"text-align: start;\"><\/p>\n<div style=\"text-align: center;\">de molt mala voluntat.<\/div>\n<p><\/span><\/div>\n<p><\/span><\/i><\/span><\/p>\n<div style=\"text-align: center;\"><span style=\"font-family: Arial, Helvetica, sans-serif; font-size: large;\"><br \/><\/span><\/div>\n<div style=\"text-align: center;\"><span style=\"font-family: Arial, Helvetica, sans-serif; font-size: large;\"><br \/><\/span><\/div>\n<p><span style=\"font-family: Arial, Helvetica, sans-serif; font-size: large;\"><span style=\"color: #242626;\"><\/p>\n<div style=\"text-align: center;\"><i>Ning\u00fa no compr\u00e8n ning\u00fa&#8230;<\/i><\/div>\n<div style=\"text-align: center;\"><i>Ning\u00fa no compr\u00e8n ning\u00fa&#8230;<\/i><\/div>\n<p><\/span><span style=\"color: #242626;\"><\/p>\n<div style=\"text-align: center;\"><\/div>\n<p><\/span><\/span><\/p>\n","protected":false},"excerpt":{"rendered":"<p>Hola nois i noies,<br \/>\nAgafem forces despr\u00e9s de tantes vacances per aprendre&#8217;ns aquesta can\u00e7\u00f3 de &#8220;La Trinca&#8221; versionada per &#8220;Sabor de Gracia&#8221;. La cantarem tots els nens i nenes de l&#8217;escola el dia de la Pau.<br \/>\nLA TRINCA<\/p>\n<p>SABOR DE GRACIA<\/p>\n<p>Ning\u00fa no compr\u00e8n ning\u00fa,<br \/>\nper\u00f2 nosaltres som nosaltres<br \/>\ni sabem&hellip;  <a href=\"https:\/\/agora.xtec.cat\/escsantiagorates\/general\/dia-de-la-pau-30-de-gener\/\" title=\"Read Dia de la Pau (30 de gener)\">Llegeix m\u00e9s\u00bb<\/a><\/p>\n","protected":false},"author":3,"featured_media":0,"comment_status":"open","ping_status":"closed","sticky":false,"template":"","format":"standard","meta":{"_bbp_topic_count":0,"_bbp_reply_count":0,"_bbp_total_topic_count":0,"_bbp_total_reply_count":0,"_bbp_voice_count":0,"_bbp_anonymous_reply_count":0,"_bbp_topic_count_hidden":0,"_bbp_reply_count_hidden":0,"_bbp_forum_subforum_count":0,"footnotes":""},"categories":[1],"tags":[],"class_list":["post-548","post","type-post","status-publish","format-standard","hentry","category-general"],"post_mailing_queue_ids":[],"_links":{"self":[{"href":"https:\/\/agora.xtec.cat\/escsantiagorates\/wp-json\/wp\/v2\/posts\/548","targetHints":{"allow":["GET"]}}],"collection":[{"href":"https:\/\/agora.xtec.cat\/escsantiagorates\/wp-json\/wp\/v2\/posts"}],"about":[{"href":"https:\/\/agora.xtec.cat\/escsantiagorates\/wp-json\/wp\/v2\/types\/post"}],"author":[{"embeddable":true,"href":"https:\/\/agora.xtec.cat\/escsantiagorates\/wp-json\/wp\/v2\/users\/3"}],"replies":[{"embeddable":true,"href":"https:\/\/agora.xtec.cat\/escsantiagorates\/wp-json\/wp\/v2\/comments?post=548"}],"version-history":[{"count":0,"href":"https:\/\/agora.xtec.cat\/escsantiagorates\/wp-json\/wp\/v2\/posts\/548\/revisions"}],"wp:attachment":[{"href":"https:\/\/agora.xtec.cat\/escsantiagorates\/wp-json\/wp\/v2\/media?parent=548"}],"wp:term":[{"taxonomy":"category","embeddable":true,"href":"https:\/\/agora.xtec.cat\/escsantiagorates\/wp-json\/wp\/v2\/categories?post=548"},{"taxonomy":"post_tag","embeddable":true,"href":"https:\/\/agora.xtec.cat\/escsantiagorates\/wp-json\/wp\/v2\/tags?post=548"}],"curies":[{"name":"wp","href":"https:\/\/api.w.org\/{rel}","templated":true}]}}