{"id":530,"date":"2017-10-26T14:50:00","date_gmt":"2017-10-26T12:50:00","guid":{"rendered":""},"modified":"2018-02-21T13:25:06","modified_gmt":"2018-02-21T12:25:06","slug":"instruments-el-violi","status":"publish","type":"post","link":"https:\/\/agora.xtec.cat\/escsantiagorates\/general\/instruments-el-violi\/","title":{"rendered":"Instruments: EL VIOL\u00cd"},"content":{"rendered":"<p>De ben segur que tots i totes coneixeu el viol\u00ed; l&#8217;heu escoltat i l&#8217;heu vist. Per\u00f2 aquest instruments, com molts d&#8217;altres, han sofert una evoluci\u00f3 amb el pas dels anys. Us passo dos videos on ho podreu comprovar.<br \/>El primer \u00e9s un Concert per dos violins d&#8217;Antonio Vivaldi on tots els m\u00fasics estan col\u00b7locats segons el protocol de l&#8217;\u00e8poca: l&#8217;orquestra asseguda i els solistes drets entre el director i l&#8217;orquestra.<br \/>Per contra, en el segon video apareixen instruments m\u00e9s moderns: la guitarra el\u00e8ctrica i el viol\u00ed el\u00e8ctric. Fins i tot, els instrumentistes s\u00f3n capa\u00e7os de ballar mentre toquen (fet impensable durant el Barroc i Classicisme).<\/p>\n<div style=\"clear: both; text-align: center;\"><iframe loading=\"lazy\" width=\"320\" height=\"266\" data-thumbnail-src=\"https:\/\/i.ytimg.com\/vi\/m1k_yexUE6s\/0.jpg\" src=\"https:\/\/www.youtube.com\/embed\/m1k_yexUE6s?feature=player_embedded\" frameborder=\"0\" allowfullscreen><\/iframe><\/div>\n<div style=\"clear: both; text-align: center;\"><\/div>\n<div style=\"clear: both; text-align: center;\"><iframe loading=\"lazy\" width=\"320\" height=\"266\" data-thumbnail-src=\"https:\/\/i.ytimg.com\/vi\/jvipPYFebWc\/0.jpg\" src=\"https:\/\/www.youtube.com\/embed\/jvipPYFebWc?feature=player_embedded\" frameborder=\"0\" allowfullscreen><\/iframe><\/div>\n<p><\/p>\n","protected":false},"excerpt":{"rendered":"<p>De ben segur que tots i totes coneixeu el viol\u00ed; l&#8217;heu escoltat i l&#8217;heu vist. Per\u00f2 aquest instruments, com molts d&#8217;altres, han sofert una evoluci\u00f3 amb el pas dels anys. Us passo dos videos on ho podreu comprovar.El primer \u00e9s un Concert per dos violins&hellip;  <a href=\"https:\/\/agora.xtec.cat\/escsantiagorates\/general\/instruments-el-violi\/\" title=\"Read Instruments: EL VIOL\u00cd\">Llegeix m\u00e9s\u00bb<\/a><\/p>\n","protected":false},"author":3,"featured_media":0,"comment_status":"open","ping_status":"closed","sticky":false,"template":"","format":"standard","meta":{"_bbp_topic_count":0,"_bbp_reply_count":0,"_bbp_total_topic_count":0,"_bbp_total_reply_count":0,"_bbp_voice_count":0,"_bbp_anonymous_reply_count":0,"_bbp_topic_count_hidden":0,"_bbp_reply_count_hidden":0,"_bbp_forum_subforum_count":0,"footnotes":""},"categories":[1],"tags":[],"class_list":["post-530","post","type-post","status-publish","format-standard","hentry","category-general"],"post_mailing_queue_ids":[],"_links":{"self":[{"href":"https:\/\/agora.xtec.cat\/escsantiagorates\/wp-json\/wp\/v2\/posts\/530","targetHints":{"allow":["GET"]}}],"collection":[{"href":"https:\/\/agora.xtec.cat\/escsantiagorates\/wp-json\/wp\/v2\/posts"}],"about":[{"href":"https:\/\/agora.xtec.cat\/escsantiagorates\/wp-json\/wp\/v2\/types\/post"}],"author":[{"embeddable":true,"href":"https:\/\/agora.xtec.cat\/escsantiagorates\/wp-json\/wp\/v2\/users\/3"}],"replies":[{"embeddable":true,"href":"https:\/\/agora.xtec.cat\/escsantiagorates\/wp-json\/wp\/v2\/comments?post=530"}],"version-history":[{"count":1,"href":"https:\/\/agora.xtec.cat\/escsantiagorates\/wp-json\/wp\/v2\/posts\/530\/revisions"}],"predecessor-version":[{"id":760,"href":"https:\/\/agora.xtec.cat\/escsantiagorates\/wp-json\/wp\/v2\/posts\/530\/revisions\/760"}],"wp:attachment":[{"href":"https:\/\/agora.xtec.cat\/escsantiagorates\/wp-json\/wp\/v2\/media?parent=530"}],"wp:term":[{"taxonomy":"category","embeddable":true,"href":"https:\/\/agora.xtec.cat\/escsantiagorates\/wp-json\/wp\/v2\/categories?post=530"},{"taxonomy":"post_tag","embeddable":true,"href":"https:\/\/agora.xtec.cat\/escsantiagorates\/wp-json\/wp\/v2\/tags?post=530"}],"curies":[{"name":"wp","href":"https:\/\/api.w.org\/{rel}","templated":true}]}}