{"id":519,"date":"2017-11-30T15:45:00","date_gmt":"2017-11-30T14:45:00","guid":{"rendered":""},"modified":"2018-02-21T13:24:48","modified_gmt":"2018-02-21T12:24:48","slug":"vestuari-pel-concert-de-nadal","status":"publish","type":"post","link":"https:\/\/agora.xtec.cat\/escsantiagorates\/general\/vestuari-pel-concert-de-nadal\/","title":{"rendered":"Vestuari pel Concert de Nadal"},"content":{"rendered":"<div style=\"margin-bottom: 0cm; text-align: justify;\"><span style=\"font-family: &quot;arial&quot; , sans-serif; font-size: large; line-height: 28.8px;\">Benvolgudes fam\u00edlies!<o:p><\/o:p><\/span><\/div>\n<div style=\"margin-bottom: 0cm; text-align: justify;\"><span style=\"font-family: &quot;arial&quot; , sans-serif; font-size: large; line-height: 28.8px;\"><br \/>S\u2019acosta el Concert de Nadal de l\u2019escola. Ser\u00e0 el&nbsp;<b><u>divendres, 15 de desembre de 2017 a les 19:30h al Pavell\u00f3<\/u><\/b>&nbsp;de Vilaju\u00efga. Els vostres fills\/es hauran de ser-hi a les&nbsp;<b><u>19:15h<\/u><\/b>&nbsp;ben puntuals.<o:p><\/o:p><\/span><\/div>\n<div style=\"margin-bottom: 0cm; text-align: justify;\"><span style=\"font-family: &quot;arial&quot; , sans-serif; font-size: large; line-height: 28.8px;\">Com ja sabeu, les entrades valen 3\u20ac; amb aquests diners ajudem a subvencionar el viatge de fi de curs dels alumnes de 6<sup>\u00e8<\/sup>.<o:p><\/o:p><\/span><\/div>\n<div style=\"margin-bottom: 0cm; text-align: justify;\"><span style=\"height: 240px; left: 0px; margin-left: 238px; margin-top: 44px; mso-ignore: vglayout; position: absolute; width: 379px; z-index: 251659262;\"><span style=\"font-size: large;\"><br \/><\/span><\/span><span style=\"font-family: &quot;arial&quot; , sans-serif; font-size: large; line-height: 28.8px;\">Aquest any, el nostre concert ser\u00e0 la Inauguraci\u00f3 dels Jocs Ol\u00edmpics que s&#8217;iniciaran al segon trimestre com a projecte d&#8217;escola. Cada un dels vostres fills\/es haur\u00e0 d&#8217;anar vestits amb pantalons foscos d\u2019esport (negres o blau mar\u00ed) i una samarreta llisa del color del seu curs:<o:p><\/o:p><\/span><\/div>\n<div style=\"margin-bottom: 0cm; text-align: justify;\"><span style=\"font-size: large;\"><br \/><\/span><\/div>\n<div style=\"margin-bottom: 0cm; text-align: justify;\"><span style=\"font-family: &quot;arial&quot; , sans-serif; font-size: large; line-height: 28.8px;\">&#8211; P3: samarreta verda<o:p><\/o:p><\/span><\/div>\n<div style=\"margin-bottom: 0cm; text-align: justify;\"><span style=\"font-family: &quot;arial&quot; , sans-serif; font-size: large; line-height: 28.8px;\">&#8211; P4: samarreta groga<o:p><\/o:p><\/span><\/div>\n<div style=\"margin-bottom: 0cm; text-align: justify;\"><span style=\"font-family: &quot;arial&quot; , sans-serif; font-size: large; line-height: 28.8px;\">&#8211; P5: samarreta lila<o:p><\/o:p><\/span><\/div>\n<div style=\"margin-bottom: 0cm; text-align: justify;\"><span style=\"font-family: &quot;arial&quot; , sans-serif; font-size: large; line-height: 28.8px;\">&#8211; 1r: samarreta blanca<o:p><\/o:p><\/span><\/div>\n<div style=\"margin-bottom: 0cm; text-align: justify;\"><span style=\"font-family: &quot;arial&quot; , sans-serif; font-size: large; line-height: 28.8px;\">&#8211; 2n: samarreta blava<o:p><\/o:p><\/span><\/div>\n<div style=\"margin-bottom: 0cm; text-align: justify;\"><span style=\"font-family: &quot;arial&quot; , sans-serif; font-size: large; line-height: 28.8px;\">&#8211; 3r: samarreta vermella<o:p><\/o:p><\/span><\/div>\n<div style=\"margin-bottom: 0cm; text-align: justify;\"><span style=\"font-family: &quot;arial&quot; , sans-serif; font-size: large; line-height: 28.8px;\">&#8211; 4t: samarreta negra<o:p><\/o:p><\/span><\/div>\n<div style=\"margin-bottom: 0cm; text-align: justify;\"><span style=\"font-family: &quot;arial&quot; , sans-serif; font-size: large; line-height: 28.8px;\">&#8211; 5\u00e8: samarreta taronja<o:p><\/o:p><\/span><\/div>\n<div style=\"margin-bottom: 0cm; text-align: justify;\"><span style=\"font-size: large;\"><span style=\"font-family: &quot;arial&quot; , sans-serif; line-height: 28.8px;\">&#8211; 6\u00e8: samarreta rosa<\/span><span style=\"font-family: &quot;arial&quot; , sans-serif; line-height: 28.8px;\"><o:p><\/o:p><\/span><\/span><\/div>\n<div style=\"margin-bottom: 0cm; text-align: justify;\"><span style=\"font-size: large;\"><br \/><\/span><\/div>\n<div style=\"margin-bottom: 0cm; text-align: justify;\"><span style=\"font-family: &quot;arial&quot; , sans-serif; font-size: large; line-height: 28.8px;\">Estem treballant molt perqu\u00e8 ens quedi molt b\u00e9! Esperem que us agradi!<o:p><\/o:p><\/span><\/div>\n<div style=\"margin-bottom: 0cm; text-align: justify;\"><\/div>\n<div style=\"margin-bottom: 0cm; text-align: justify;\"><span style=\"font-family: &quot;arial&quot; , sans-serif; line-height: 19.2px;\"><span style=\"font-size: large;\">Eli<\/span><\/span><\/div>\n<div style=\"text-align: center;\"><img loading=\"lazy\" decoding=\"async\" alt=\"Resultado de imagen de aros olimpicos\" height=\"266\" src=\"http:\/\/agora.xtec.cat\/escsantiagorates\/wp-content\/uploads\/usu1786\/2017\/11\/anillos-olimpicos-juegos-olimpiadas-300x200.png\" width=\"400\" \/><\/div>\n","protected":false},"excerpt":{"rendered":"<p>Benvolgudes fam\u00edlies!<br \/>\nS\u2019acosta el Concert de Nadal de l\u2019escola. Ser\u00e0 el&nbsp;divendres, 15 de desembre de 2017 a les 19:30h al Pavell\u00f3&nbsp;de Vilaju\u00efga. Els vostres fills\/es hauran de ser-hi a les&nbsp;19:15h&nbsp;ben puntuals.<br \/>\nCom ja sabeu, les entrades valen 3\u20ac; amb aquests diners ajudem a subvencionar el viatge de&hellip;  <a href=\"https:\/\/agora.xtec.cat\/escsantiagorates\/general\/vestuari-pel-concert-de-nadal\/\" title=\"Read Vestuari pel Concert de Nadal\">Llegeix m\u00e9s\u00bb<\/a><\/p>\n","protected":false},"author":3,"featured_media":718,"comment_status":"open","ping_status":"closed","sticky":false,"template":"","format":"standard","meta":{"_bbp_topic_count":0,"_bbp_reply_count":0,"_bbp_total_topic_count":0,"_bbp_total_reply_count":0,"_bbp_voice_count":0,"_bbp_anonymous_reply_count":0,"_bbp_topic_count_hidden":0,"_bbp_reply_count_hidden":0,"_bbp_forum_subforum_count":0,"footnotes":""},"categories":[1],"tags":[],"class_list":["post-519","post","type-post","status-publish","format-standard","has-post-thumbnail","hentry","category-general"],"post_mailing_queue_ids":[],"_links":{"self":[{"href":"https:\/\/agora.xtec.cat\/escsantiagorates\/wp-json\/wp\/v2\/posts\/519","targetHints":{"allow":["GET"]}}],"collection":[{"href":"https:\/\/agora.xtec.cat\/escsantiagorates\/wp-json\/wp\/v2\/posts"}],"about":[{"href":"https:\/\/agora.xtec.cat\/escsantiagorates\/wp-json\/wp\/v2\/types\/post"}],"author":[{"embeddable":true,"href":"https:\/\/agora.xtec.cat\/escsantiagorates\/wp-json\/wp\/v2\/users\/3"}],"replies":[{"embeddable":true,"href":"https:\/\/agora.xtec.cat\/escsantiagorates\/wp-json\/wp\/v2\/comments?post=519"}],"version-history":[{"count":1,"href":"https:\/\/agora.xtec.cat\/escsantiagorates\/wp-json\/wp\/v2\/posts\/519\/revisions"}],"predecessor-version":[{"id":719,"href":"https:\/\/agora.xtec.cat\/escsantiagorates\/wp-json\/wp\/v2\/posts\/519\/revisions\/719"}],"wp:featuredmedia":[{"embeddable":true,"href":"https:\/\/agora.xtec.cat\/escsantiagorates\/wp-json\/wp\/v2\/media\/718"}],"wp:attachment":[{"href":"https:\/\/agora.xtec.cat\/escsantiagorates\/wp-json\/wp\/v2\/media?parent=519"}],"wp:term":[{"taxonomy":"category","embeddable":true,"href":"https:\/\/agora.xtec.cat\/escsantiagorates\/wp-json\/wp\/v2\/categories?post=519"},{"taxonomy":"post_tag","embeddable":true,"href":"https:\/\/agora.xtec.cat\/escsantiagorates\/wp-json\/wp\/v2\/tags?post=519"}],"curies":[{"name":"wp","href":"https:\/\/api.w.org\/{rel}","templated":true}]}}