{"id":5175,"date":"2026-04-21T12:36:02","date_gmt":"2026-04-21T10:36:02","guid":{"rendered":"https:\/\/agora.xtec.cat\/escsantiagorates\/?p=5175"},"modified":"2026-04-21T12:36:02","modified_gmt":"2026-04-21T10:36:02","slug":"setmana-de-la-terra-2","status":"publish","type":"post","link":"https:\/\/agora.xtec.cat\/escsantiagorates\/6e\/setmana-de-la-terra-2\/","title":{"rendered":"SETMANA DE LA TERRA"},"content":{"rendered":"<p><a href=\"https:\/\/agora.xtec.cat\/escsantiagorates\/wp-content\/uploads\/usu1786\/2026\/04\/foto-recollida-sise-1-scaled.jpg\"><img loading=\"lazy\" decoding=\"async\" class=\"alignnone wp-image-5177 size-medium aligncenter\" src=\"https:\/\/agora.xtec.cat\/escsantiagorates\/wp-content\/uploads\/usu1786\/2026\/04\/foto-recollida-sise-1-225x300.jpg\" alt=\"\" width=\"225\" height=\"300\" srcset=\"https:\/\/agora.xtec.cat\/escsantiagorates\/wp-content\/uploads\/usu1786\/2026\/04\/foto-recollida-sise-1-225x300.jpg 225w, https:\/\/agora.xtec.cat\/escsantiagorates\/wp-content\/uploads\/usu1786\/2026\/04\/foto-recollida-sise-1-768x1024.jpg 768w, https:\/\/agora.xtec.cat\/escsantiagorates\/wp-content\/uploads\/usu1786\/2026\/04\/foto-recollida-sise-1-1152x1536.jpg 1152w, https:\/\/agora.xtec.cat\/escsantiagorates\/wp-content\/uploads\/usu1786\/2026\/04\/foto-recollida-sise-1-1536x2048.jpg 1536w, https:\/\/agora.xtec.cat\/escsantiagorates\/wp-content\/uploads\/usu1786\/2026\/04\/foto-recollida-sise-1-scaled.jpg 1920w\" sizes=\"auto, (max-width: 225px) 100vw, 225px\" \/><\/a><\/p>\n<p>&nbsp;<\/p>\n<p><strong>Els nois i noies de sis\u00e8<\/strong> hem portat als nens i nenes<strong> de primer i segon<\/strong> a fer una sortida pels voltants de vilaju\u00efga. Hem aprofitat per con\u00e8ixer les herbes, arbustos i arbres m\u00e9s caracter\u00edstics de la zona i hem recollit mostres per fer-ne un herbari a l&#8217;aula. Tamb\u00e9 hem aplegat dos rams de flors silvestres per portar-los als<strong> petits d&#8217;educaci\u00f3 infantil<\/strong> i que els dibuixin amb aquarel.les. Per acabar hem recollit herbes arom\u00e0tiques per fer sacs d&#8217;olor amb ells el proper divendres. Trobareu la resta de fotos d&#8217;aquesta sortida en aquest enlla\u00e7:\u00a0<a href=\"https:\/\/drive.google.com\/drive\/folders\/1SAqKgFF5_J137DL7V8MhC8r-eNj2Q_N0?usp=drive_link\">https:\/\/drive.google.com\/drive\/folders\/1SAqKgFF5_J137DL7V8MhC8r-eNj2Q_N0?usp=drive_link<\/a><\/p>\n","protected":false},"excerpt":{"rendered":"<p><a href=\"https:\/\/agora.xtec.cat\/escsantiagorates\/wp-content\/uploads\/usu1786\/2026\/04\/foto-recollida-sise-1-scaled.jpg\"><\/a><br \/>\n&nbsp;<br \/>\nEls nois i noies de sis\u00e8 hem portat als nens i nenes de primer i segon a fer una sortida pels voltants de vilaju\u00efga. Hem aprofitat per con\u00e8ixer les herbes, arbustos i arbres m\u00e9s caracter\u00edstics de la zona i hem recollit mostres per fer-ne&hellip;  <a href=\"https:\/\/agora.xtec.cat\/escsantiagorates\/6e\/setmana-de-la-terra-2\/\" title=\"Read SETMANA DE LA TERRA\">Llegeix m\u00e9s\u00bb<\/a><\/p>\n","protected":false},"author":42,"featured_media":0,"comment_status":"open","ping_status":"open","sticky":false,"template":"","format":"standard","meta":{"_bbp_topic_count":0,"_bbp_reply_count":0,"_bbp_total_topic_count":0,"_bbp_total_reply_count":0,"_bbp_voice_count":0,"_bbp_anonymous_reply_count":0,"_bbp_topic_count_hidden":0,"_bbp_reply_count_hidden":0,"_bbp_forum_subforum_count":0,"footnotes":""},"categories":[61],"tags":[],"class_list":["post-5175","post","type-post","status-publish","format-standard","hentry","category-6e"],"post_mailing_queue_ids":[],"_links":{"self":[{"href":"https:\/\/agora.xtec.cat\/escsantiagorates\/wp-json\/wp\/v2\/posts\/5175","targetHints":{"allow":["GET"]}}],"collection":[{"href":"https:\/\/agora.xtec.cat\/escsantiagorates\/wp-json\/wp\/v2\/posts"}],"about":[{"href":"https:\/\/agora.xtec.cat\/escsantiagorates\/wp-json\/wp\/v2\/types\/post"}],"author":[{"embeddable":true,"href":"https:\/\/agora.xtec.cat\/escsantiagorates\/wp-json\/wp\/v2\/users\/42"}],"replies":[{"embeddable":true,"href":"https:\/\/agora.xtec.cat\/escsantiagorates\/wp-json\/wp\/v2\/comments?post=5175"}],"version-history":[{"count":1,"href":"https:\/\/agora.xtec.cat\/escsantiagorates\/wp-json\/wp\/v2\/posts\/5175\/revisions"}],"predecessor-version":[{"id":5178,"href":"https:\/\/agora.xtec.cat\/escsantiagorates\/wp-json\/wp\/v2\/posts\/5175\/revisions\/5178"}],"wp:attachment":[{"href":"https:\/\/agora.xtec.cat\/escsantiagorates\/wp-json\/wp\/v2\/media?parent=5175"}],"wp:term":[{"taxonomy":"category","embeddable":true,"href":"https:\/\/agora.xtec.cat\/escsantiagorates\/wp-json\/wp\/v2\/categories?post=5175"},{"taxonomy":"post_tag","embeddable":true,"href":"https:\/\/agora.xtec.cat\/escsantiagorates\/wp-json\/wp\/v2\/tags?post=5175"}],"curies":[{"name":"wp","href":"https:\/\/api.w.org\/{rel}","templated":true}]}}