{"id":5165,"date":"2026-03-27T16:21:11","date_gmt":"2026-03-27T15:21:11","guid":{"rendered":"https:\/\/agora.xtec.cat\/escsantiagorates\/?p=5165"},"modified":"2026-03-27T16:22:06","modified_gmt":"2026-03-27T15:22:06","slug":"el-carrer-de-lescola","status":"publish","type":"post","link":"https:\/\/agora.xtec.cat\/escsantiagorates\/primer-segon\/el-carrer-de-lescola\/","title":{"rendered":"El carrer de l&#8217;escola"},"content":{"rendered":"<p>A l\u2019\u00e0rea de medi estem descobrint m\u00e9s coses sobre el carrer de l\u2019escola. La setmana passada vam sortir a visitar diferents comer\u00e7os i llocs importants del carrer per fer-hi entrevistes. Les persones que hi treballen ens van explicar moltes coses interessants, i gr\u00e0cies a aix\u00f2 estem aprenent millor quines feines hi ha a Vilaju\u00efga i com \u00e9s la vida al nostre entorn. <a href=\"https:\/\/agora.xtec.cat\/escsantiagorates\/wp-content\/uploads\/usu1786\/2026\/03\/can-salvi-scaled.jpg\"><img loading=\"lazy\" decoding=\"async\" class=\"alignnone size-large wp-image-5166\" src=\"https:\/\/agora.xtec.cat\/escsantiagorates\/wp-content\/uploads\/usu1786\/2026\/03\/can-salvi-1024x768.jpg\" alt=\"\" width=\"1024\" height=\"768\" srcset=\"https:\/\/agora.xtec.cat\/escsantiagorates\/wp-content\/uploads\/usu1786\/2026\/03\/can-salvi-1024x768.jpg 1024w, https:\/\/agora.xtec.cat\/escsantiagorates\/wp-content\/uploads\/usu1786\/2026\/03\/can-salvi-300x225.jpg 300w, https:\/\/agora.xtec.cat\/escsantiagorates\/wp-content\/uploads\/usu1786\/2026\/03\/can-salvi-768x576.jpg 768w, https:\/\/agora.xtec.cat\/escsantiagorates\/wp-content\/uploads\/usu1786\/2026\/03\/can-salvi-1536x1152.jpg 1536w, https:\/\/agora.xtec.cat\/escsantiagorates\/wp-content\/uploads\/usu1786\/2026\/03\/can-salvi-2048x1536.jpg 2048w, https:\/\/agora.xtec.cat\/escsantiagorates\/wp-content\/uploads\/usu1786\/2026\/03\/can-salvi-200x150.jpg 200w\" sizes=\"auto, (max-width: 1024px) 100vw, 1024px\" \/><\/a><\/p>\n","protected":false},"excerpt":{"rendered":"<p>A l\u2019\u00e0rea de medi estem descobrint m\u00e9s coses sobre el carrer de l\u2019escola. La setmana passada vam sortir a visitar diferents comer\u00e7os i llocs importants del carrer per fer-hi entrevistes. Les persones que hi treballen ens van explicar moltes coses interessants, i gr\u00e0cies a aix\u00f2&hellip;  <a href=\"https:\/\/agora.xtec.cat\/escsantiagorates\/primer-segon\/el-carrer-de-lescola\/\" title=\"Read El carrer de l&#8217;escola\">Llegeix m\u00e9s\u00bb<\/a><\/p>\n","protected":false},"author":76,"featured_media":0,"comment_status":"open","ping_status":"open","sticky":false,"template":"","format":"standard","meta":{"_bbp_topic_count":0,"_bbp_reply_count":0,"_bbp_total_topic_count":0,"_bbp_total_reply_count":0,"_bbp_voice_count":0,"_bbp_anonymous_reply_count":0,"_bbp_topic_count_hidden":0,"_bbp_reply_count_hidden":0,"_bbp_forum_subforum_count":0,"footnotes":""},"categories":[64],"tags":[],"class_list":["post-5165","post","type-post","status-publish","format-standard","hentry","category-primer-segon"],"post_mailing_queue_ids":[],"_links":{"self":[{"href":"https:\/\/agora.xtec.cat\/escsantiagorates\/wp-json\/wp\/v2\/posts\/5165","targetHints":{"allow":["GET"]}}],"collection":[{"href":"https:\/\/agora.xtec.cat\/escsantiagorates\/wp-json\/wp\/v2\/posts"}],"about":[{"href":"https:\/\/agora.xtec.cat\/escsantiagorates\/wp-json\/wp\/v2\/types\/post"}],"author":[{"embeddable":true,"href":"https:\/\/agora.xtec.cat\/escsantiagorates\/wp-json\/wp\/v2\/users\/76"}],"replies":[{"embeddable":true,"href":"https:\/\/agora.xtec.cat\/escsantiagorates\/wp-json\/wp\/v2\/comments?post=5165"}],"version-history":[{"count":1,"href":"https:\/\/agora.xtec.cat\/escsantiagorates\/wp-json\/wp\/v2\/posts\/5165\/revisions"}],"predecessor-version":[{"id":5167,"href":"https:\/\/agora.xtec.cat\/escsantiagorates\/wp-json\/wp\/v2\/posts\/5165\/revisions\/5167"}],"wp:attachment":[{"href":"https:\/\/agora.xtec.cat\/escsantiagorates\/wp-json\/wp\/v2\/media?parent=5165"}],"wp:term":[{"taxonomy":"category","embeddable":true,"href":"https:\/\/agora.xtec.cat\/escsantiagorates\/wp-json\/wp\/v2\/categories?post=5165"},{"taxonomy":"post_tag","embeddable":true,"href":"https:\/\/agora.xtec.cat\/escsantiagorates\/wp-json\/wp\/v2\/tags?post=5165"}],"curies":[{"name":"wp","href":"https:\/\/api.w.org\/{rel}","templated":true}]}}