{"id":515,"date":"2018-01-08T13:57:00","date_gmt":"2018-01-08T12:57:00","guid":{"rendered":""},"modified":"2018-02-21T13:24:45","modified_gmt":"2018-02-21T12:24:45","slug":"swing-de-la-pau","status":"publish","type":"post","link":"https:\/\/agora.xtec.cat\/escsantiagorates\/general\/swing-de-la-pau\/","title":{"rendered":"Swing de la pau"},"content":{"rendered":"<p>Aquesta can\u00e7\u00f3 la cantarem tota l&#8217;escola el dia de la No Viol\u00e8ncia.<\/p>\n<div style=\"text-align: center;\"><span style=\"font-size: large;\"><u>SWING DE LA PAU (amb veu i lletra)<\/u><\/span><\/div>\n<p><\/p>\n<div style=\"clear: both; text-align: center;\"><iframe loading=\"lazy\" allowfullscreen=\"\" data-thumbnail-src=\"https:\/\/i.ytimg.com\/vi\/9WHXk-HAN4M\/0.jpg\" frameborder=\"0\" height=\"266\" src=\"https:\/\/www.youtube.com\/embed\/9WHXk-HAN4M?feature=player_embedded\" width=\"320\"><\/iframe><\/div>\n<div style=\"clear: both; text-align: center;\"><\/div>\n<div style=\"clear: both; text-align: center;\"><\/div>\n<div style=\"clear: both; text-align: center;\"><u style=\"font-size: x-large;\">SWING DE LA PAU (instrumental)<\/u><\/div>\n<div style=\"clear: both; text-align: center;\"><u style=\"font-size: x-large;\"><br \/><\/u><\/div>\n<div style=\"clear: both; text-align: center;\"><iframe loading=\"lazy\" allowfullscreen=\"\" data-thumbnail-src=\"https:\/\/i.ytimg.com\/vi\/M1F7Un8XwJc\/0.jpg\" frameborder=\"0\" height=\"266\" src=\"https:\/\/www.youtube.com\/embed\/M1F7Un8XwJc?feature=player_embedded\" width=\"320\"><\/iframe><\/div>\n<div style=\"clear: both; text-align: center;\"><\/div>\n<div style=\"clear: both; text-align: center;\"><\/div>\n<div style=\"background-color: #ffffcc; text-align: -webkit-center;\"><span style=\"color: blue; font-size: large;\">Si estimes la vida, la pau, l&#8217;amistat.<br \/>Apr\u00e8n a conviure amb qui tens al costat.<br \/>Davant els conflictes tu sigues valent,<br \/>no et quedis indiferent!<\/span><\/div>\n<div style=\"background-color: #ffffcc; text-align: -webkit-center;\"><span style=\"color: blue; font-size: large;\"><br \/><\/span><\/div>\n<div style=\"background-color: #ffffcc; text-align: -webkit-center;\"><span style=\"color: blue; font-size: large;\">Poder i egoisme dominen el m\u00f3n<br \/>i aix\u00ed mort la gent a cada segon.<br \/>Les guerres perduren i la humanitat<br \/>no troba felicitat.<\/span><\/div>\n<div style=\"background-color: #ffffcc; text-align: -webkit-center;\"><span style=\"color: blue; font-size: large;\"><br \/><\/span><\/div>\n<div style=\"background-color: #ffffcc; text-align: -webkit-center;\"><span style=\"color: blue; font-size: large;\"><br \/><\/span><\/div>\n<div style=\"background-color: #ffffcc; text-align: -webkit-center;\"><span style=\"color: blue; font-size: large;\"><i>Constru\u00efm camins<\/i><br \/><i>que ens portin junts a un m\u00f3n millor!<\/i><br \/><i>Que els pobles de la terra<\/i><br \/><i>siguin lliures de deb\u00f2!<\/i>&nbsp;<\/span><\/div>\n<div style=\"background-color: #ffffcc; text-align: -webkit-center;\"><span style=\"color: blue; font-size: large;\"><br \/><i>Dibuixem un horitz\u00f3<\/i><br \/><i>en un mar pintat de blau<\/i><br \/><i>i entonem aquest swing de la Pau.<\/i><\/span><\/div>\n<div style=\"background-color: #ffffcc; text-align: -webkit-center;\"><span style=\"color: blue; font-size: large;\"><i><br \/><\/i><\/span><\/div>\n<div style=\"background-color: #ffffcc; text-align: -webkit-center;\"><span style=\"color: blue; font-size: large;\"><i><br \/><\/i><\/span><\/div>\n<div style=\"background-color: #ffffcc; text-align: -webkit-center;\"><span style=\"color: blue; font-size: large;\">Res no \u00e9s el que sembla, tot \u00e9s complicat!<br \/>Hi ha massa injust\u00edcia, no es diu la veritat!<br \/>Davant les mentides, tu sigues sincer,<br \/>no fugis del qu\u00e8 cal fer!<\/span><\/div>\n<div style=\"background-color: #ffffcc; text-align: -webkit-center;\"><span style=\"color: blue; font-size: large;\"><br \/><\/span><\/div>\n<div style=\"background-color: #ffffcc; text-align: -webkit-center;\"><span style=\"color: blue; font-size: large;\">Envia tendresa on hi hagi dolor,<br \/>regala esperan\u00e7a a qui perd la il\u00b7lusi\u00f3<br \/>i la melangia en els cors marcir\u00e0<br \/>si tots en donem la m\u00e0!<\/span><\/div>\n<div style=\"clear: both; text-align: center;\"><\/div>\n<div style=\"clear: both; text-align: center;\"><\/div>\n","protected":false},"excerpt":{"rendered":"<p>Aquesta can\u00e7\u00f3 la cantarem tota l&#8217;escola el dia de la No Viol\u00e8ncia.<br \/>\nSWING DE LA PAU (amb veu i lletra)<\/p>\n<p>SWING DE LA PAU (instrumental)<\/p>\n<p>Si estimes la vida, la pau, l&#8217;amistat.Apr\u00e8n a conviure amb qui tens al costat.Davant els conflictes tu sigues valent,no et quedis indiferent!<\/p>\n<p>Poder i&hellip;  <a href=\"https:\/\/agora.xtec.cat\/escsantiagorates\/general\/swing-de-la-pau\/\" title=\"Read Swing de la pau\">Llegeix m\u00e9s\u00bb<\/a><\/p>\n","protected":false},"author":3,"featured_media":0,"comment_status":"open","ping_status":"closed","sticky":false,"template":"","format":"standard","meta":{"_bbp_topic_count":0,"_bbp_reply_count":0,"_bbp_total_topic_count":0,"_bbp_total_reply_count":0,"_bbp_voice_count":0,"_bbp_anonymous_reply_count":0,"_bbp_topic_count_hidden":0,"_bbp_reply_count_hidden":0,"_bbp_forum_subforum_count":0,"footnotes":""},"categories":[1],"tags":[],"class_list":["post-515","post","type-post","status-publish","format-standard","hentry","category-general"],"post_mailing_queue_ids":[],"_links":{"self":[{"href":"https:\/\/agora.xtec.cat\/escsantiagorates\/wp-json\/wp\/v2\/posts\/515","targetHints":{"allow":["GET"]}}],"collection":[{"href":"https:\/\/agora.xtec.cat\/escsantiagorates\/wp-json\/wp\/v2\/posts"}],"about":[{"href":"https:\/\/agora.xtec.cat\/escsantiagorates\/wp-json\/wp\/v2\/types\/post"}],"author":[{"embeddable":true,"href":"https:\/\/agora.xtec.cat\/escsantiagorates\/wp-json\/wp\/v2\/users\/3"}],"replies":[{"embeddable":true,"href":"https:\/\/agora.xtec.cat\/escsantiagorates\/wp-json\/wp\/v2\/comments?post=515"}],"version-history":[{"count":1,"href":"https:\/\/agora.xtec.cat\/escsantiagorates\/wp-json\/wp\/v2\/posts\/515\/revisions"}],"predecessor-version":[{"id":712,"href":"https:\/\/agora.xtec.cat\/escsantiagorates\/wp-json\/wp\/v2\/posts\/515\/revisions\/712"}],"wp:attachment":[{"href":"https:\/\/agora.xtec.cat\/escsantiagorates\/wp-json\/wp\/v2\/media?parent=515"}],"wp:term":[{"taxonomy":"category","embeddable":true,"href":"https:\/\/agora.xtec.cat\/escsantiagorates\/wp-json\/wp\/v2\/categories?post=515"},{"taxonomy":"post_tag","embeddable":true,"href":"https:\/\/agora.xtec.cat\/escsantiagorates\/wp-json\/wp\/v2\/tags?post=515"}],"curies":[{"name":"wp","href":"https:\/\/api.w.org\/{rel}","templated":true}]}}