{"id":514,"date":"2018-01-16T12:39:00","date_gmt":"2018-01-16T11:39:00","guid":{"rendered":""},"modified":"2018-12-16T18:20:47","modified_gmt":"2018-12-16T17:20:47","slug":"coreo-carnaval-ed-infantil","status":"publish","type":"post","link":"https:\/\/agora.xtec.cat\/escsantiagorates\/general\/coreo-carnaval-ed-infantil\/","title":{"rendered":"Coreo Carnaval Ed. Infantil"},"content":{"rendered":"<p>Aqu\u00ed teniu la can\u00e7\u00f3 i la coreo que ballaran els alumnes de P3, P4 i P5 a la rua de Carnaval el divendres, 9 de febrer de 2018.<\/p>\n<div style=\"clear: both; text-align: center;\"><iframe loading=\"lazy\" src=\"https:\/\/www.youtube.com\/embed\/v3LHjO_W7vk?feature=player_embedded\" width=\"320\" height=\"266\" frameborder=\"0\" allowfullscreen=\"allowfullscreen\" data-thumbnail-src=\"https:\/\/i.ytimg.com\/vi\/v3LHjO_W7vk\/0.jpg\"><\/iframe><\/div>\n<div style=\"clear: both; text-align: center;\"><\/div>\n<div style=\"clear: both; text-align: center;\"><\/div>\n<div style=\"clear: both; text-align: center;\"><iframe loading=\"lazy\" src=\"https:\/\/www.youtube.com\/embed\/1ikPSwEi9ts?feature=player_embedded\" width=\"320\" height=\"266\" frameborder=\"0\" allowfullscreen=\"allowfullscreen\" data-thumbnail-src=\"https:\/\/i.ytimg.com\/vi\/1ikPSwEi9ts\/0.jpg\"><\/iframe><\/div>\n<div style=\"clear: both; text-align: center;\"><\/div>\n<p>&nbsp;<\/p>\n<div style=\"clear: both; text-align: center;\"><\/div>\n<div style=\"clear: both; text-align: center;\"><\/div>\n<div style=\"text-align: center;\"><\/div>\n<p>&nbsp;<\/p>\n<div style=\"clear: both; text-align: center;\"><\/div>\n<p>&nbsp;<\/p>\n","protected":false},"excerpt":{"rendered":"<p>Aqu\u00ed teniu la can\u00e7\u00f3 i la coreo que ballaran els alumnes de P3, P4 i P5 a la rua de Carnaval el divendres, 9 de febrer de 2018.<\/p>\n<p>&nbsp;<\/p>\n<p>&nbsp;<\/p>\n<p>&nbsp;<\/p>\n","protected":false},"author":3,"featured_media":0,"comment_status":"open","ping_status":"closed","sticky":false,"template":"","format":"standard","meta":{"_bbp_topic_count":0,"_bbp_reply_count":0,"_bbp_total_topic_count":0,"_bbp_total_reply_count":0,"_bbp_voice_count":0,"_bbp_anonymous_reply_count":0,"_bbp_topic_count_hidden":0,"_bbp_reply_count_hidden":0,"_bbp_forum_subforum_count":0,"footnotes":""},"categories":[1],"tags":[],"class_list":["post-514","post","type-post","status-publish","format-standard","hentry","category-general"],"post_mailing_queue_ids":[],"_links":{"self":[{"href":"https:\/\/agora.xtec.cat\/escsantiagorates\/wp-json\/wp\/v2\/posts\/514","targetHints":{"allow":["GET"]}}],"collection":[{"href":"https:\/\/agora.xtec.cat\/escsantiagorates\/wp-json\/wp\/v2\/posts"}],"about":[{"href":"https:\/\/agora.xtec.cat\/escsantiagorates\/wp-json\/wp\/v2\/types\/post"}],"author":[{"embeddable":true,"href":"https:\/\/agora.xtec.cat\/escsantiagorates\/wp-json\/wp\/v2\/users\/3"}],"replies":[{"embeddable":true,"href":"https:\/\/agora.xtec.cat\/escsantiagorates\/wp-json\/wp\/v2\/comments?post=514"}],"version-history":[{"count":2,"href":"https:\/\/agora.xtec.cat\/escsantiagorates\/wp-json\/wp\/v2\/posts\/514\/revisions"}],"predecessor-version":[{"id":1115,"href":"https:\/\/agora.xtec.cat\/escsantiagorates\/wp-json\/wp\/v2\/posts\/514\/revisions\/1115"}],"wp:attachment":[{"href":"https:\/\/agora.xtec.cat\/escsantiagorates\/wp-json\/wp\/v2\/media?parent=514"}],"wp:term":[{"taxonomy":"category","embeddable":true,"href":"https:\/\/agora.xtec.cat\/escsantiagorates\/wp-json\/wp\/v2\/categories?post=514"},{"taxonomy":"post_tag","embeddable":true,"href":"https:\/\/agora.xtec.cat\/escsantiagorates\/wp-json\/wp\/v2\/tags?post=514"}],"curies":[{"name":"wp","href":"https:\/\/api.w.org\/{rel}","templated":true}]}}