{"id":5088,"date":"2026-02-27T13:13:20","date_gmt":"2026-02-27T12:13:20","guid":{"rendered":"https:\/\/agora.xtec.cat\/escsantiagorates\/?p=5088"},"modified":"2026-02-27T13:13:20","modified_gmt":"2026-02-27T12:13:20","slug":"visitem-els-volcans-dolot","status":"publish","type":"post","link":"https:\/\/agora.xtec.cat\/escsantiagorates\/primer-segon\/visitem-els-volcans-dolot\/","title":{"rendered":"Visitem els volcans d&#8217;Olot!"},"content":{"rendered":"<p>Els nens i nenes de Cicle Inicial hem anat a <span class=\"hover:entity-accent entity-underline inline cursor-pointer align-baseline\"><span class=\"whitespace-normal\">Olot<\/span><\/span> per fer la cloenda del nostre projecte sobre els volcans. Ha estat una experi\u00e8ncia molt emocionant!<\/p>\n<p>Primer vam pujar al <strong data-start=\"208\" data-end=\"249\"><span class=\"hover:entity-accent entity-underline inline cursor-pointer align-baseline\"><span class=\"whitespace-normal\">Volc\u00e0 Montsacopa<\/span><\/span><\/strong>, on vam poder passejar pel el cr\u00e0ter. All\u00e0 vam recordar tot el que hav\u00edem apr\u00e8s a classe sobre com es formen els volcans i quines parts tenen. Despr\u00e9s vam visitar l\u2019<strong data-start=\"462\" data-end=\"503\"><span class=\"hover:entity-accent entity-underline inline cursor-pointer align-baseline\"><span class=\"whitespace-normal\">Espai Cr\u00e0ter<\/span><\/span><\/strong>, on ens van explicar un munt de coses molt interessants sobre el m\u00f3n dels volcans. A trav\u00e9s d\u2019activitats i explicacions molt din\u00e0miques.<\/p>\n<p>Ha estat una sortida molt enriquidora i divertida que ens ha ajudat a entendre encara millor tot el que hem treballat durant el projecte!<\/p>\n<p>Si voleu veure m\u00e9s imatges podeu entrar al classroom dels vostres fills\/filles.<\/p>\n<p><a href=\"https:\/\/agora.xtec.cat\/escsantiagorates\/wp-content\/uploads\/usu1786\/2026\/02\/VOLCANS_BB-scaled.jpg\"><img loading=\"lazy\" decoding=\"async\" class=\"alignnone size-large wp-image-5089\" src=\"https:\/\/agora.xtec.cat\/escsantiagorates\/wp-content\/uploads\/usu1786\/2026\/02\/VOLCANS_BB-1024x725.jpg\" alt=\"\" width=\"1024\" height=\"725\" srcset=\"https:\/\/agora.xtec.cat\/escsantiagorates\/wp-content\/uploads\/usu1786\/2026\/02\/VOLCANS_BB-1024x725.jpg 1024w, https:\/\/agora.xtec.cat\/escsantiagorates\/wp-content\/uploads\/usu1786\/2026\/02\/VOLCANS_BB-300x212.jpg 300w, https:\/\/agora.xtec.cat\/escsantiagorates\/wp-content\/uploads\/usu1786\/2026\/02\/VOLCANS_BB-768x543.jpg 768w, https:\/\/agora.xtec.cat\/escsantiagorates\/wp-content\/uploads\/usu1786\/2026\/02\/VOLCANS_BB-1536x1087.jpg 1536w, https:\/\/agora.xtec.cat\/escsantiagorates\/wp-content\/uploads\/usu1786\/2026\/02\/VOLCANS_BB-2048x1449.jpg 2048w\" sizes=\"auto, (max-width: 1024px) 100vw, 1024px\" \/><\/a><\/p>\n","protected":false},"excerpt":{"rendered":"<p>Els nens i nenes de Cicle Inicial hem anat a Olot per fer la cloenda del nostre projecte sobre els volcans. Ha estat una experi\u00e8ncia molt emocionant!<br \/>\nPrimer vam pujar al Volc\u00e0 Montsacopa, on vam poder passejar pel el cr\u00e0ter. All\u00e0 vam recordar tot el que&hellip;  <a href=\"https:\/\/agora.xtec.cat\/escsantiagorates\/primer-segon\/visitem-els-volcans-dolot\/\" title=\"Read Visitem els volcans d&#8217;Olot!\">Llegeix m\u00e9s\u00bb<\/a><\/p>\n","protected":false},"author":76,"featured_media":0,"comment_status":"open","ping_status":"open","sticky":false,"template":"","format":"standard","meta":{"_bbp_topic_count":0,"_bbp_reply_count":0,"_bbp_total_topic_count":0,"_bbp_total_reply_count":0,"_bbp_voice_count":0,"_bbp_anonymous_reply_count":0,"_bbp_topic_count_hidden":0,"_bbp_reply_count_hidden":0,"_bbp_forum_subforum_count":0,"footnotes":""},"categories":[64],"tags":[],"class_list":["post-5088","post","type-post","status-publish","format-standard","hentry","category-primer-segon"],"post_mailing_queue_ids":[],"_links":{"self":[{"href":"https:\/\/agora.xtec.cat\/escsantiagorates\/wp-json\/wp\/v2\/posts\/5088","targetHints":{"allow":["GET"]}}],"collection":[{"href":"https:\/\/agora.xtec.cat\/escsantiagorates\/wp-json\/wp\/v2\/posts"}],"about":[{"href":"https:\/\/agora.xtec.cat\/escsantiagorates\/wp-json\/wp\/v2\/types\/post"}],"author":[{"embeddable":true,"href":"https:\/\/agora.xtec.cat\/escsantiagorates\/wp-json\/wp\/v2\/users\/76"}],"replies":[{"embeddable":true,"href":"https:\/\/agora.xtec.cat\/escsantiagorates\/wp-json\/wp\/v2\/comments?post=5088"}],"version-history":[{"count":2,"href":"https:\/\/agora.xtec.cat\/escsantiagorates\/wp-json\/wp\/v2\/posts\/5088\/revisions"}],"predecessor-version":[{"id":5091,"href":"https:\/\/agora.xtec.cat\/escsantiagorates\/wp-json\/wp\/v2\/posts\/5088\/revisions\/5091"}],"wp:attachment":[{"href":"https:\/\/agora.xtec.cat\/escsantiagorates\/wp-json\/wp\/v2\/media?parent=5088"}],"wp:term":[{"taxonomy":"category","embeddable":true,"href":"https:\/\/agora.xtec.cat\/escsantiagorates\/wp-json\/wp\/v2\/categories?post=5088"},{"taxonomy":"post_tag","embeddable":true,"href":"https:\/\/agora.xtec.cat\/escsantiagorates\/wp-json\/wp\/v2\/tags?post=5088"}],"curies":[{"name":"wp","href":"https:\/\/api.w.org\/{rel}","templated":true}]}}