{"id":5007,"date":"2026-01-30T16:42:19","date_gmt":"2026-01-30T15:42:19","guid":{"rendered":"https:\/\/agora.xtec.cat\/escsantiagorates\/?p=5007"},"modified":"2026-01-30T16:42:19","modified_gmt":"2026-01-30T15:42:19","slug":"recaptacio-km-de-solidaritat","status":"publish","type":"post","link":"https:\/\/agora.xtec.cat\/escsantiagorates\/portada\/recaptacio-km-de-solidaritat\/","title":{"rendered":"Recaptaci\u00f3 Km de Solidaritat"},"content":{"rendered":"<p>Moltes gr\u00e0cies a totes les fam\u00edlies i alumnes participants per la vostra implicaci\u00f3 a la cursa solid\u00e0ria de Save the Children \ud83d\udc99\ud83c\udfc3\u200d\u2640\ufe0f\ud83c\udfc3\u200d\u2642\ufe0f.<br \/>\nGr\u00e0cies a les donacions rebudes, hem aconseguit una recaptaci\u00f3 total de 386,06\u20ac \ud83d\udc4f\u2728<\/p>\n<p>\ud83d\udcca Dilluns us comunicarem el total de voltes realitzades entre tots i totes.<\/p>\n<p>A causa de la gran aflu\u00e8ncia de participants, no tothom ha pogut rebre una poma o una pera \ud83c\udf4e\ud83c\udf50. Disculpeu les mol\u00e8sties. A la propera edici\u00f3, en portarem moltes m\u00e9s.<br \/>\nEntre tots i totes, fem possible un gran gest solidari! \ud83d\udcaa\ud83d\udcab<br \/>\nBon cap de setmana!!<\/p>\n<p><a href=\"https:\/\/agora.xtec.cat\/escsantiagorates\/wp-content\/uploads\/usu1786\/2026\/01\/Total-recaptacio.jpeg\"><img loading=\"lazy\" decoding=\"async\" class=\"aligncenter size-medium wp-image-5008\" src=\"https:\/\/agora.xtec.cat\/escsantiagorates\/wp-content\/uploads\/usu1786\/2026\/01\/Total-recaptacio-300x287.jpeg\" alt=\"\" width=\"300\" height=\"287\" srcset=\"https:\/\/agora.xtec.cat\/escsantiagorates\/wp-content\/uploads\/usu1786\/2026\/01\/Total-recaptacio-300x287.jpeg 300w, https:\/\/agora.xtec.cat\/escsantiagorates\/wp-content\/uploads\/usu1786\/2026\/01\/Total-recaptacio.jpeg 675w\" sizes=\"auto, (max-width: 300px) 100vw, 300px\" \/><\/a><\/p>\n","protected":false},"excerpt":{"rendered":"<p>Moltes gr\u00e0cies a totes les fam\u00edlies i alumnes participants per la vostra implicaci\u00f3 a la cursa solid\u00e0ria de Save the Children \ud83d\udc99\ud83c\udfc3\u200d\u2640\ufe0f\ud83c\udfc3\u200d\u2642\ufe0f.<br \/>\nGr\u00e0cies a les donacions rebudes, hem aconseguit una recaptaci\u00f3 total de 386,06\u20ac \ud83d\udc4f\u2728<br \/>\n\ud83d\udcca Dilluns us comunicarem el total de voltes realitzades entre tots i&hellip;  <a href=\"https:\/\/agora.xtec.cat\/escsantiagorates\/portada\/recaptacio-km-de-solidaritat\/\" title=\"Read Recaptaci\u00f3 Km de Solidaritat\">Llegeix m\u00e9s\u00bb<\/a><\/p>\n","protected":false},"author":1,"featured_media":0,"comment_status":"open","ping_status":"closed","sticky":false,"template":"","format":"standard","meta":{"_bbp_topic_count":0,"_bbp_reply_count":0,"_bbp_total_topic_count":0,"_bbp_total_reply_count":0,"_bbp_voice_count":0,"_bbp_anonymous_reply_count":0,"_bbp_topic_count_hidden":0,"_bbp_reply_count_hidden":0,"_bbp_forum_subforum_count":0,"footnotes":""},"categories":[4],"tags":[],"class_list":["post-5007","post","type-post","status-publish","format-standard","hentry","category-portada"],"post_mailing_queue_ids":[],"_links":{"self":[{"href":"https:\/\/agora.xtec.cat\/escsantiagorates\/wp-json\/wp\/v2\/posts\/5007","targetHints":{"allow":["GET"]}}],"collection":[{"href":"https:\/\/agora.xtec.cat\/escsantiagorates\/wp-json\/wp\/v2\/posts"}],"about":[{"href":"https:\/\/agora.xtec.cat\/escsantiagorates\/wp-json\/wp\/v2\/types\/post"}],"author":[{"embeddable":true,"href":"https:\/\/agora.xtec.cat\/escsantiagorates\/wp-json\/wp\/v2\/users\/1"}],"replies":[{"embeddable":true,"href":"https:\/\/agora.xtec.cat\/escsantiagorates\/wp-json\/wp\/v2\/comments?post=5007"}],"version-history":[{"count":1,"href":"https:\/\/agora.xtec.cat\/escsantiagorates\/wp-json\/wp\/v2\/posts\/5007\/revisions"}],"predecessor-version":[{"id":5009,"href":"https:\/\/agora.xtec.cat\/escsantiagorates\/wp-json\/wp\/v2\/posts\/5007\/revisions\/5009"}],"wp:attachment":[{"href":"https:\/\/agora.xtec.cat\/escsantiagorates\/wp-json\/wp\/v2\/media?parent=5007"}],"wp:term":[{"taxonomy":"category","embeddable":true,"href":"https:\/\/agora.xtec.cat\/escsantiagorates\/wp-json\/wp\/v2\/categories?post=5007"},{"taxonomy":"post_tag","embeddable":true,"href":"https:\/\/agora.xtec.cat\/escsantiagorates\/wp-json\/wp\/v2\/tags?post=5007"}],"curies":[{"name":"wp","href":"https:\/\/api.w.org\/{rel}","templated":true}]}}