{"id":4991,"date":"2026-01-27T16:32:00","date_gmt":"2026-01-27T15:32:00","guid":{"rendered":"https:\/\/agora.xtec.cat\/escsantiagorates\/?p=4991"},"modified":"2026-01-27T16:32:00","modified_gmt":"2026-01-27T15:32:00","slug":"winter-time","status":"publish","type":"post","link":"https:\/\/agora.xtec.cat\/escsantiagorates\/arees\/angles\/winter-time\/","title":{"rendered":"WINTER TIME"},"content":{"rendered":"<p>Aquest trimestre hem comen\u00e7at, a partir d&#8217;una can\u00e7\u00f3, treballant l&#8217;hivern.<\/p>\n<p>A cicle inicial hem apr\u00e8s nou vocabulari.<\/p>\n<p>Els de cicle mitj\u00e0 estem comen\u00e7ant a aprendre el verb &#8220;to be&#8221; en oracions afirmatives. Els de 3r han fet la primera i la tercera persona del singular i els de 4t totes les persones tant del singular com del plural.<\/p>\n<p>Els de 5\u00e8 hem apr\u00e8s les &#8220;question words&#8221; i seguirem treballant totes les formes del verb &#8220;to be&#8221;.<\/p>\n<p>A 6\u00e8 hem seguit repassant les &#8220;question words&#8221; i les estructures de les frases a partir de lectures i hem comen\u00e7at a aprendre el &#8220;present simple&#8221;.<\/p>\n<p><a href=\"https:\/\/agora.xtec.cat\/escsantiagorates\/wp-content\/uploads\/usu1786\/2026\/01\/Winter-vocabulary.jpeg\"><img loading=\"lazy\" decoding=\"async\" class=\"alignnone size-large wp-image-4993\" src=\"https:\/\/agora.xtec.cat\/escsantiagorates\/wp-content\/uploads\/usu1786\/2026\/01\/Winter-vocabulary-1024x581.jpeg\" alt=\"\" width=\"1024\" height=\"581\" srcset=\"https:\/\/agora.xtec.cat\/escsantiagorates\/wp-content\/uploads\/usu1786\/2026\/01\/Winter-vocabulary-1024x581.jpeg 1024w, https:\/\/agora.xtec.cat\/escsantiagorates\/wp-content\/uploads\/usu1786\/2026\/01\/Winter-vocabulary-300x170.jpeg 300w, https:\/\/agora.xtec.cat\/escsantiagorates\/wp-content\/uploads\/usu1786\/2026\/01\/Winter-vocabulary-768x436.jpeg 768w, https:\/\/agora.xtec.cat\/escsantiagorates\/wp-content\/uploads\/usu1786\/2026\/01\/Winter-vocabulary.jpeg 1174w\" sizes=\"auto, (max-width: 1024px) 100vw, 1024px\" \/><\/a><\/p>\n<p>A continuaci\u00f3, teniu l&#8217;enlla\u00e7 de la can\u00e7\u00f3 per veure el vocabulari i les frases que hem treballat:<\/p>\n<p><a href=\"https:\/\/www.youtube.com\/watch?v=Xk2WpcN8IfM&amp;list=RDXk2WpcN8IfM&amp;start_radio=1\">https:\/\/www.youtube.com\/watch?v=Xk2WpcN8IfM&amp;list=RDXk2WpcN8IfM&amp;start_radio=1<\/a><\/p>\n","protected":false},"excerpt":{"rendered":"<p>Aquest trimestre hem comen\u00e7at, a partir d&#8217;una can\u00e7\u00f3, treballant l&#8217;hivern.<br \/>\nA cicle inicial hem apr\u00e8s nou vocabulari.<br \/>\nEls de cicle mitj\u00e0 estem comen\u00e7ant a aprendre el verb &#8220;to be&#8221; en oracions afirmatives. Els de 3r han fet la primera i la tercera persona del singular i els&hellip;  <a href=\"https:\/\/agora.xtec.cat\/escsantiagorates\/arees\/angles\/winter-time\/\" title=\"Read WINTER TIME\">Llegeix m\u00e9s\u00bb<\/a><\/p>\n","protected":false},"author":67,"featured_media":4992,"comment_status":"closed","ping_status":"closed","sticky":false,"template":"","format":"standard","meta":{"_bbp_topic_count":0,"_bbp_reply_count":0,"_bbp_total_topic_count":0,"_bbp_total_reply_count":0,"_bbp_voice_count":0,"_bbp_anonymous_reply_count":0,"_bbp_topic_count_hidden":0,"_bbp_reply_count_hidden":0,"_bbp_forum_subforum_count":0,"footnotes":""},"categories":[83],"tags":[],"class_list":["post-4991","post","type-post","status-publish","format-standard","has-post-thumbnail","hentry","category-angles"],"post_mailing_queue_ids":[],"_links":{"self":[{"href":"https:\/\/agora.xtec.cat\/escsantiagorates\/wp-json\/wp\/v2\/posts\/4991","targetHints":{"allow":["GET"]}}],"collection":[{"href":"https:\/\/agora.xtec.cat\/escsantiagorates\/wp-json\/wp\/v2\/posts"}],"about":[{"href":"https:\/\/agora.xtec.cat\/escsantiagorates\/wp-json\/wp\/v2\/types\/post"}],"author":[{"embeddable":true,"href":"https:\/\/agora.xtec.cat\/escsantiagorates\/wp-json\/wp\/v2\/users\/67"}],"replies":[{"embeddable":true,"href":"https:\/\/agora.xtec.cat\/escsantiagorates\/wp-json\/wp\/v2\/comments?post=4991"}],"version-history":[{"count":1,"href":"https:\/\/agora.xtec.cat\/escsantiagorates\/wp-json\/wp\/v2\/posts\/4991\/revisions"}],"predecessor-version":[{"id":4994,"href":"https:\/\/agora.xtec.cat\/escsantiagorates\/wp-json\/wp\/v2\/posts\/4991\/revisions\/4994"}],"wp:featuredmedia":[{"embeddable":true,"href":"https:\/\/agora.xtec.cat\/escsantiagorates\/wp-json\/wp\/v2\/media\/4992"}],"wp:attachment":[{"href":"https:\/\/agora.xtec.cat\/escsantiagorates\/wp-json\/wp\/v2\/media?parent=4991"}],"wp:term":[{"taxonomy":"category","embeddable":true,"href":"https:\/\/agora.xtec.cat\/escsantiagorates\/wp-json\/wp\/v2\/categories?post=4991"},{"taxonomy":"post_tag","embeddable":true,"href":"https:\/\/agora.xtec.cat\/escsantiagorates\/wp-json\/wp\/v2\/tags?post=4991"}],"curies":[{"name":"wp","href":"https:\/\/api.w.org\/{rel}","templated":true}]}}