{"id":4979,"date":"2026-01-27T12:29:50","date_gmt":"2026-01-27T11:29:50","guid":{"rendered":"https:\/\/agora.xtec.cat\/escsantiagorates\/?p=4979"},"modified":"2026-01-27T12:41:54","modified_gmt":"2026-01-27T11:41:54","slug":"exposicio-del-projecte-de-sise","status":"publish","type":"post","link":"https:\/\/agora.xtec.cat\/escsantiagorates\/6e\/exposicio-del-projecte-de-sise\/","title":{"rendered":"Exposici\u00f3 del projecte de sis\u00e8"},"content":{"rendered":"<p><a href=\"https:\/\/agora.xtec.cat\/escsantiagorates\/wp-content\/uploads\/usu1786\/2026\/01\/1769512908764-1-scaled.jpg\"><img loading=\"lazy\" decoding=\"async\" class=\"alignnone size-large wp-image-4980\" src=\"https:\/\/agora.xtec.cat\/escsantiagorates\/wp-content\/uploads\/usu1786\/2026\/01\/1769512908764-1-1024x771.jpg\" alt=\"\" width=\"1024\" height=\"771\" srcset=\"https:\/\/agora.xtec.cat\/escsantiagorates\/wp-content\/uploads\/usu1786\/2026\/01\/1769512908764-1-1024x771.jpg 1024w, https:\/\/agora.xtec.cat\/escsantiagorates\/wp-content\/uploads\/usu1786\/2026\/01\/1769512908764-1-300x226.jpg 300w, https:\/\/agora.xtec.cat\/escsantiagorates\/wp-content\/uploads\/usu1786\/2026\/01\/1769512908764-1-768x578.jpg 768w, https:\/\/agora.xtec.cat\/escsantiagorates\/wp-content\/uploads\/usu1786\/2026\/01\/1769512908764-1-1536x1157.jpg 1536w, https:\/\/agora.xtec.cat\/escsantiagorates\/wp-content\/uploads\/usu1786\/2026\/01\/1769512908764-1-2048x1542.jpg 2048w, https:\/\/agora.xtec.cat\/escsantiagorates\/wp-content\/uploads\/usu1786\/2026\/01\/1769512908764-1-200x150.jpg 200w\" sizes=\"auto, (max-width: 1024px) 100vw, 1024px\" \/><\/a><\/p>\n<p>Avui dia 27 de gener, els alumnes de sis\u00e8 exposarem el projecte: &#8220;Llums, c\u00e0mera i acci\u00f3&#8221;, als nostres pares. Ja tenim ganes de que arribi la tarda i poder explicar a tothom tot all\u00f2 que hem apr\u00e8s!<\/p>\n","protected":false},"excerpt":{"rendered":"<p><a href=\"https:\/\/agora.xtec.cat\/escsantiagorates\/wp-content\/uploads\/usu1786\/2026\/01\/1769512908764-1-scaled.jpg\"><\/a><br \/>\nAvui dia 27 de gener, els alumnes de sis\u00e8 exposarem el projecte: &#8220;Llums, c\u00e0mera i acci\u00f3&#8221;, als nostres pares. Ja tenim ganes de que arribi la tarda i poder explicar a tothom tot all\u00f2 que hem apr\u00e8s!<\/p>\n","protected":false},"author":42,"featured_media":0,"comment_status":"open","ping_status":"open","sticky":false,"template":"","format":"standard","meta":{"_bbp_topic_count":0,"_bbp_reply_count":0,"_bbp_total_topic_count":0,"_bbp_total_reply_count":0,"_bbp_voice_count":0,"_bbp_anonymous_reply_count":0,"_bbp_topic_count_hidden":0,"_bbp_reply_count_hidden":0,"_bbp_forum_subforum_count":0,"footnotes":""},"categories":[61],"tags":[],"class_list":["post-4979","post","type-post","status-publish","format-standard","hentry","category-6e"],"post_mailing_queue_ids":[],"_links":{"self":[{"href":"https:\/\/agora.xtec.cat\/escsantiagorates\/wp-json\/wp\/v2\/posts\/4979","targetHints":{"allow":["GET"]}}],"collection":[{"href":"https:\/\/agora.xtec.cat\/escsantiagorates\/wp-json\/wp\/v2\/posts"}],"about":[{"href":"https:\/\/agora.xtec.cat\/escsantiagorates\/wp-json\/wp\/v2\/types\/post"}],"author":[{"embeddable":true,"href":"https:\/\/agora.xtec.cat\/escsantiagorates\/wp-json\/wp\/v2\/users\/42"}],"replies":[{"embeddable":true,"href":"https:\/\/agora.xtec.cat\/escsantiagorates\/wp-json\/wp\/v2\/comments?post=4979"}],"version-history":[{"count":1,"href":"https:\/\/agora.xtec.cat\/escsantiagorates\/wp-json\/wp\/v2\/posts\/4979\/revisions"}],"predecessor-version":[{"id":4981,"href":"https:\/\/agora.xtec.cat\/escsantiagorates\/wp-json\/wp\/v2\/posts\/4979\/revisions\/4981"}],"wp:attachment":[{"href":"https:\/\/agora.xtec.cat\/escsantiagorates\/wp-json\/wp\/v2\/media?parent=4979"}],"wp:term":[{"taxonomy":"category","embeddable":true,"href":"https:\/\/agora.xtec.cat\/escsantiagorates\/wp-json\/wp\/v2\/categories?post=4979"},{"taxonomy":"post_tag","embeddable":true,"href":"https:\/\/agora.xtec.cat\/escsantiagorates\/wp-json\/wp\/v2\/tags?post=4979"}],"curies":[{"name":"wp","href":"https:\/\/api.w.org\/{rel}","templated":true}]}}