{"id":4958,"date":"2025-12-19T10:46:18","date_gmt":"2025-12-19T09:46:18","guid":{"rendered":"https:\/\/agora.xtec.cat\/escsantiagorates\/?p=4958"},"modified":"2025-12-19T10:46:18","modified_gmt":"2025-12-19T09:46:18","slug":"manualitat-de-nadal","status":"publish","type":"post","link":"https:\/\/agora.xtec.cat\/escsantiagorates\/verd\/manualitat-de-nadal\/","title":{"rendered":"Manualitat de Nadal"},"content":{"rendered":"<p>L&#8217;alumnat d&#8217;Educaci\u00f3 Infantil ha realitzat un fant\u00e0stic arbre de Nadal, si voleu veure m\u00e9s fotos al Classroom de l&#8217;aula.<\/p>\n<p>Qu\u00e8 tingueu unes Bones Festes!<a href=\"https:\/\/agora.xtec.cat\/escsantiagorates\/wp-content\/uploads\/usu1786\/2025\/12\/PHOTO-2025-12-18-13-09-32.jpg\"><img loading=\"lazy\" decoding=\"async\" class=\"alignnone size-large wp-image-4959\" src=\"https:\/\/agora.xtec.cat\/escsantiagorates\/wp-content\/uploads\/usu1786\/2025\/12\/PHOTO-2025-12-18-13-09-32-771x1024.jpg\" alt=\"\" width=\"771\" height=\"1024\" srcset=\"https:\/\/agora.xtec.cat\/escsantiagorates\/wp-content\/uploads\/usu1786\/2025\/12\/PHOTO-2025-12-18-13-09-32-771x1024.jpg 771w, https:\/\/agora.xtec.cat\/escsantiagorates\/wp-content\/uploads\/usu1786\/2025\/12\/PHOTO-2025-12-18-13-09-32-226x300.jpg 226w, https:\/\/agora.xtec.cat\/escsantiagorates\/wp-content\/uploads\/usu1786\/2025\/12\/PHOTO-2025-12-18-13-09-32-768x1020.jpg 768w, https:\/\/agora.xtec.cat\/escsantiagorates\/wp-content\/uploads\/usu1786\/2025\/12\/PHOTO-2025-12-18-13-09-32-1157x1536.jpg 1157w, https:\/\/agora.xtec.cat\/escsantiagorates\/wp-content\/uploads\/usu1786\/2025\/12\/PHOTO-2025-12-18-13-09-32.jpg 1536w\" sizes=\"auto, (max-width: 771px) 100vw, 771px\" \/><\/a><\/p>\n<p>&nbsp;<\/p>\n<p>&nbsp;<\/p>\n","protected":false},"excerpt":{"rendered":"<p>L&#8217;alumnat d&#8217;Educaci\u00f3 Infantil ha realitzat un fant\u00e0stic arbre de Nadal, si voleu veure m\u00e9s fotos al Classroom de l&#8217;aula.<br \/>\nQu\u00e8 tingueu unes Bones Festes!<a href=\"https:\/\/agora.xtec.cat\/escsantiagorates\/wp-content\/uploads\/usu1786\/2025\/12\/PHOTO-2025-12-18-13-09-32.jpg\"><\/a><br \/>\n&nbsp;<br \/>\n&nbsp;<\/p>\n","protected":false},"author":75,"featured_media":0,"comment_status":"open","ping_status":"open","sticky":false,"template":"","format":"standard","meta":{"_bbp_topic_count":0,"_bbp_reply_count":0,"_bbp_total_topic_count":0,"_bbp_total_reply_count":0,"_bbp_voice_count":0,"_bbp_anonymous_reply_count":0,"_bbp_topic_count_hidden":0,"_bbp_reply_count_hidden":0,"_bbp_forum_subforum_count":0,"footnotes":""},"categories":[79,78],"tags":[],"class_list":["post-4958","post","type-post","status-publish","format-standard","hentry","category-taronja-infantil","category-verd"],"post_mailing_queue_ids":[],"_links":{"self":[{"href":"https:\/\/agora.xtec.cat\/escsantiagorates\/wp-json\/wp\/v2\/posts\/4958","targetHints":{"allow":["GET"]}}],"collection":[{"href":"https:\/\/agora.xtec.cat\/escsantiagorates\/wp-json\/wp\/v2\/posts"}],"about":[{"href":"https:\/\/agora.xtec.cat\/escsantiagorates\/wp-json\/wp\/v2\/types\/post"}],"author":[{"embeddable":true,"href":"https:\/\/agora.xtec.cat\/escsantiagorates\/wp-json\/wp\/v2\/users\/75"}],"replies":[{"embeddable":true,"href":"https:\/\/agora.xtec.cat\/escsantiagorates\/wp-json\/wp\/v2\/comments?post=4958"}],"version-history":[{"count":1,"href":"https:\/\/agora.xtec.cat\/escsantiagorates\/wp-json\/wp\/v2\/posts\/4958\/revisions"}],"predecessor-version":[{"id":4960,"href":"https:\/\/agora.xtec.cat\/escsantiagorates\/wp-json\/wp\/v2\/posts\/4958\/revisions\/4960"}],"wp:attachment":[{"href":"https:\/\/agora.xtec.cat\/escsantiagorates\/wp-json\/wp\/v2\/media?parent=4958"}],"wp:term":[{"taxonomy":"category","embeddable":true,"href":"https:\/\/agora.xtec.cat\/escsantiagorates\/wp-json\/wp\/v2\/categories?post=4958"},{"taxonomy":"post_tag","embeddable":true,"href":"https:\/\/agora.xtec.cat\/escsantiagorates\/wp-json\/wp\/v2\/tags?post=4958"}],"curies":[{"name":"wp","href":"https:\/\/api.w.org\/{rel}","templated":true}]}}