{"id":4919,"date":"2025-12-17T15:35:58","date_gmt":"2025-12-17T14:35:58","guid":{"rendered":"https:\/\/agora.xtec.cat\/escsantiagorates\/?p=4919"},"modified":"2025-12-17T15:41:02","modified_gmt":"2025-12-17T14:41:02","slug":"nadal","status":"publish","type":"post","link":"https:\/\/agora.xtec.cat\/escsantiagorates\/tercer-quart\/nadal\/","title":{"rendered":"NADAL"},"content":{"rendered":"<p>Els \u00faltims dies a cicle mitj\u00e0 hem estat preparant el poema i les can\u00e7ons de Nadal.<\/p>\n<p>A l&#8217;hora de text vam treballar el que era un poema i vam pensar paraules relacionades amb el Nadal per tal de posar-les al final dels versos i que rimessin entre ells. Un cop vam tenir les paraules vam anar pensant frases per fer els versos. Vam fer vuit estrofes de quatre versos cadascuna i ens ha sortit un poema ben original!<\/p>\n<p>A l&#8217;hora de pl\u00e0stica vam crear la portada de la postal de Nadal fent papirofl\u00e8xia amb quadrats de papers de colors de diferents mides.<\/p>\n<p>Estem molt emocionats i amb ganes que les fam\u00edlies puguin gaudir de la tarda de dem\u00e0 amb nosaltres, ja que ho hem preparat amb molta il\u00b7lusi\u00f3.<a href=\"https:\/\/agora.xtec.cat\/escsantiagorates\/wp-content\/uploads\/usu1786\/2025\/12\/Postals-de-Nadal.jpeg\"><img loading=\"lazy\" decoding=\"async\" class=\"alignnone size-large wp-image-4920\" src=\"https:\/\/agora.xtec.cat\/escsantiagorates\/wp-content\/uploads\/usu1786\/2025\/12\/Postals-de-Nadal-1024x856.jpeg\" alt=\"\" width=\"1024\" height=\"856\" srcset=\"https:\/\/agora.xtec.cat\/escsantiagorates\/wp-content\/uploads\/usu1786\/2025\/12\/Postals-de-Nadal-1024x856.jpeg 1024w, https:\/\/agora.xtec.cat\/escsantiagorates\/wp-content\/uploads\/usu1786\/2025\/12\/Postals-de-Nadal-300x250.jpeg 300w, https:\/\/agora.xtec.cat\/escsantiagorates\/wp-content\/uploads\/usu1786\/2025\/12\/Postals-de-Nadal-768x642.jpeg 768w, https:\/\/agora.xtec.cat\/escsantiagorates\/wp-content\/uploads\/usu1786\/2025\/12\/Postals-de-Nadal.jpeg 1521w\" sizes=\"auto, (max-width: 1024px) 100vw, 1024px\" \/><\/a><\/p>\n","protected":false},"excerpt":{"rendered":"<p>Els \u00faltims dies a cicle mitj\u00e0 hem estat preparant el poema i les can\u00e7ons de Nadal.<br \/>\nA l&#8217;hora de text vam treballar el que era un poema i vam pensar paraules relacionades amb el Nadal per tal de posar-les al final dels versos i que rimessin&hellip;  <a href=\"https:\/\/agora.xtec.cat\/escsantiagorates\/tercer-quart\/nadal\/\" title=\"Read NADAL\">Llegeix m\u00e9s\u00bb<\/a><\/p>\n","protected":false},"author":40,"featured_media":0,"comment_status":"closed","ping_status":"closed","sticky":false,"template":"","format":"standard","meta":{"_bbp_topic_count":0,"_bbp_reply_count":0,"_bbp_total_topic_count":0,"_bbp_total_reply_count":0,"_bbp_voice_count":0,"_bbp_anonymous_reply_count":0,"_bbp_topic_count_hidden":0,"_bbp_reply_count_hidden":0,"_bbp_forum_subforum_count":0,"footnotes":""},"categories":[144],"tags":[],"class_list":["post-4919","post","type-post","status-publish","format-standard","hentry","category-tercer-quart"],"post_mailing_queue_ids":[],"_links":{"self":[{"href":"https:\/\/agora.xtec.cat\/escsantiagorates\/wp-json\/wp\/v2\/posts\/4919","targetHints":{"allow":["GET"]}}],"collection":[{"href":"https:\/\/agora.xtec.cat\/escsantiagorates\/wp-json\/wp\/v2\/posts"}],"about":[{"href":"https:\/\/agora.xtec.cat\/escsantiagorates\/wp-json\/wp\/v2\/types\/post"}],"author":[{"embeddable":true,"href":"https:\/\/agora.xtec.cat\/escsantiagorates\/wp-json\/wp\/v2\/users\/40"}],"replies":[{"embeddable":true,"href":"https:\/\/agora.xtec.cat\/escsantiagorates\/wp-json\/wp\/v2\/comments?post=4919"}],"version-history":[{"count":2,"href":"https:\/\/agora.xtec.cat\/escsantiagorates\/wp-json\/wp\/v2\/posts\/4919\/revisions"}],"predecessor-version":[{"id":4922,"href":"https:\/\/agora.xtec.cat\/escsantiagorates\/wp-json\/wp\/v2\/posts\/4919\/revisions\/4922"}],"wp:attachment":[{"href":"https:\/\/agora.xtec.cat\/escsantiagorates\/wp-json\/wp\/v2\/media?parent=4919"}],"wp:term":[{"taxonomy":"category","embeddable":true,"href":"https:\/\/agora.xtec.cat\/escsantiagorates\/wp-json\/wp\/v2\/categories?post=4919"},{"taxonomy":"post_tag","embeddable":true,"href":"https:\/\/agora.xtec.cat\/escsantiagorates\/wp-json\/wp\/v2\/tags?post=4919"}],"curies":[{"name":"wp","href":"https:\/\/api.w.org\/{rel}","templated":true}]}}