{"id":4908,"date":"2025-12-17T15:13:15","date_gmt":"2025-12-17T14:13:15","guid":{"rendered":"https:\/\/agora.xtec.cat\/escsantiagorates\/?p=4908"},"modified":"2025-12-17T16:30:16","modified_gmt":"2025-12-17T15:30:16","slug":"maquetes-de-catalunya","status":"publish","type":"post","link":"https:\/\/agora.xtec.cat\/escsantiagorates\/5e\/maquetes-de-catalunya\/","title":{"rendered":"Maquetes de Catalunya"},"content":{"rendered":"<p><span style=\"font-weight: 400;\">Al llarg del trimestre, a l\u2019hora de coneixements del medi natural i social, l\u2019alumnat de 5\u00e8 ha treballat els mapes de Catalunya: les prov\u00edncies, les comarques, el relleu i els principals rius del nostre territori. En equip de 4, han creat una maqueta per cada tem\u00e0tica. Cada grup ha decidit com representar el seu mapa, com planificar les tasques i com repartir-les entre els membres. Per acabar, han fet una presentaci\u00f3 oral explicant, per una banda, el proc\u00e9s de creaci\u00f3 i els obstacles que han hagut de superar, i per altra banda, la relaci\u00f3 els diferents elements entre ells.\u00a0<\/span><span style=\"font-weight: 400;\">Per exemple, quan l\u2019equip dels rius ens indica on \u00e9s el riu Ebre, ens diuen tamb\u00e9 a quina prov\u00edncia es situa, per quines comarques passa i amb quin relleu es troba pel seu recorregut. <\/span><\/p>\n<p><span style=\"font-weight: 400;\">Aquesta activitat ha fomentat la creativitat de cadasc\u00fa i el desenvolupament de la compet\u00e8ncia emprenedora i interpersonal.<\/span><\/p>\n<p><a href=\"https:\/\/agora.xtec.cat\/escsantiagorates\/wp-content\/uploads\/usu1786\/2025\/12\/m-rius.jpg\"><img loading=\"lazy\" decoding=\"async\" class=\"wp-image-4909 size-medium alignleft\" src=\"https:\/\/agora.xtec.cat\/escsantiagorates\/wp-content\/uploads\/usu1786\/2025\/12\/m-rius-225x300.jpg\" alt=\"\" width=\"225\" height=\"300\" srcset=\"https:\/\/agora.xtec.cat\/escsantiagorates\/wp-content\/uploads\/usu1786\/2025\/12\/m-rius-225x300.jpg 225w, https:\/\/agora.xtec.cat\/escsantiagorates\/wp-content\/uploads\/usu1786\/2025\/12\/m-rius-768x1024.jpg 768w, https:\/\/agora.xtec.cat\/escsantiagorates\/wp-content\/uploads\/usu1786\/2025\/12\/m-rius-1152x1536.jpg 1152w, https:\/\/agora.xtec.cat\/escsantiagorates\/wp-content\/uploads\/usu1786\/2025\/12\/m-rius.jpg 1200w\" sizes=\"auto, (max-width: 225px) 100vw, 225px\" \/><\/a> <a href=\"https:\/\/agora.xtec.cat\/escsantiagorates\/wp-content\/uploads\/usu1786\/2025\/12\/m-comarques.jpg\"><img loading=\"lazy\" decoding=\"async\" class=\"wp-image-4913 size-medium alignleft\" src=\"https:\/\/agora.xtec.cat\/escsantiagorates\/wp-content\/uploads\/usu1786\/2025\/12\/m-comarques-225x300.jpg\" alt=\"\" width=\"225\" height=\"300\" srcset=\"https:\/\/agora.xtec.cat\/escsantiagorates\/wp-content\/uploads\/usu1786\/2025\/12\/m-comarques-225x300.jpg 225w, https:\/\/agora.xtec.cat\/escsantiagorates\/wp-content\/uploads\/usu1786\/2025\/12\/m-comarques-768x1024.jpg 768w, https:\/\/agora.xtec.cat\/escsantiagorates\/wp-content\/uploads\/usu1786\/2025\/12\/m-comarques-1152x1536.jpg 1152w, https:\/\/agora.xtec.cat\/escsantiagorates\/wp-content\/uploads\/usu1786\/2025\/12\/m-comarques.jpg 1200w\" sizes=\"auto, (max-width: 225px) 100vw, 225px\" \/><\/a> <a href=\"https:\/\/agora.xtec.cat\/escsantiagorates\/wp-content\/uploads\/usu1786\/2025\/12\/m-provincies.jpg\"><img loading=\"lazy\" decoding=\"async\" class=\"wp-image-4914 size-medium alignleft\" src=\"https:\/\/agora.xtec.cat\/escsantiagorates\/wp-content\/uploads\/usu1786\/2025\/12\/m-provincies-225x300.jpg\" alt=\"\" width=\"225\" height=\"300\" srcset=\"https:\/\/agora.xtec.cat\/escsantiagorates\/wp-content\/uploads\/usu1786\/2025\/12\/m-provincies-225x300.jpg 225w, https:\/\/agora.xtec.cat\/escsantiagorates\/wp-content\/uploads\/usu1786\/2025\/12\/m-provincies-768x1024.jpg 768w, https:\/\/agora.xtec.cat\/escsantiagorates\/wp-content\/uploads\/usu1786\/2025\/12\/m-provincies-1152x1536.jpg 1152w, https:\/\/agora.xtec.cat\/escsantiagorates\/wp-content\/uploads\/usu1786\/2025\/12\/m-provincies.jpg 1200w\" sizes=\"auto, (max-width: 225px) 100vw, 225px\" \/><\/a> <a href=\"https:\/\/agora.xtec.cat\/escsantiagorates\/wp-content\/uploads\/usu1786\/2025\/12\/m-relleu.jpg\"><img loading=\"lazy\" decoding=\"async\" class=\"wp-image-4915 size-medium alignleft\" src=\"https:\/\/agora.xtec.cat\/escsantiagorates\/wp-content\/uploads\/usu1786\/2025\/12\/m-relleu-225x300.jpg\" alt=\"\" width=\"225\" height=\"300\" srcset=\"https:\/\/agora.xtec.cat\/escsantiagorates\/wp-content\/uploads\/usu1786\/2025\/12\/m-relleu-225x300.jpg 225w, https:\/\/agora.xtec.cat\/escsantiagorates\/wp-content\/uploads\/usu1786\/2025\/12\/m-relleu-768x1024.jpg 768w, https:\/\/agora.xtec.cat\/escsantiagorates\/wp-content\/uploads\/usu1786\/2025\/12\/m-relleu-1152x1536.jpg 1152w, https:\/\/agora.xtec.cat\/escsantiagorates\/wp-content\/uploads\/usu1786\/2025\/12\/m-relleu.jpg 1200w\" sizes=\"auto, (max-width: 225px) 100vw, 225px\" \/><\/a><\/p>\n","protected":false},"excerpt":{"rendered":"<p>Al llarg del trimestre, a l\u2019hora de coneixements del medi natural i social, l\u2019alumnat de 5\u00e8 ha treballat els mapes de Catalunya: les prov\u00edncies, les comarques, el relleu i els principals rius del nostre territori. En equip de 4, han creat una maqueta per cada&hellip;  <a href=\"https:\/\/agora.xtec.cat\/escsantiagorates\/5e\/maquetes-de-catalunya\/\" title=\"Read Maquetes de Catalunya\">Llegeix m\u00e9s\u00bb<\/a><\/p>\n","protected":false},"author":41,"featured_media":0,"comment_status":"closed","ping_status":"closed","sticky":false,"template":"","format":"standard","meta":{"_bbp_topic_count":0,"_bbp_reply_count":0,"_bbp_total_topic_count":0,"_bbp_total_reply_count":0,"_bbp_voice_count":0,"_bbp_anonymous_reply_count":0,"_bbp_topic_count_hidden":0,"_bbp_reply_count_hidden":0,"_bbp_forum_subforum_count":0,"footnotes":""},"categories":[60],"tags":[],"class_list":["post-4908","post","type-post","status-publish","format-standard","hentry","category-5e"],"post_mailing_queue_ids":[],"_links":{"self":[{"href":"https:\/\/agora.xtec.cat\/escsantiagorates\/wp-json\/wp\/v2\/posts\/4908","targetHints":{"allow":["GET"]}}],"collection":[{"href":"https:\/\/agora.xtec.cat\/escsantiagorates\/wp-json\/wp\/v2\/posts"}],"about":[{"href":"https:\/\/agora.xtec.cat\/escsantiagorates\/wp-json\/wp\/v2\/types\/post"}],"author":[{"embeddable":true,"href":"https:\/\/agora.xtec.cat\/escsantiagorates\/wp-json\/wp\/v2\/users\/41"}],"replies":[{"embeddable":true,"href":"https:\/\/agora.xtec.cat\/escsantiagorates\/wp-json\/wp\/v2\/comments?post=4908"}],"version-history":[{"count":5,"href":"https:\/\/agora.xtec.cat\/escsantiagorates\/wp-json\/wp\/v2\/posts\/4908\/revisions"}],"predecessor-version":[{"id":4929,"href":"https:\/\/agora.xtec.cat\/escsantiagorates\/wp-json\/wp\/v2\/posts\/4908\/revisions\/4929"}],"wp:attachment":[{"href":"https:\/\/agora.xtec.cat\/escsantiagorates\/wp-json\/wp\/v2\/media?parent=4908"}],"wp:term":[{"taxonomy":"category","embeddable":true,"href":"https:\/\/agora.xtec.cat\/escsantiagorates\/wp-json\/wp\/v2\/categories?post=4908"},{"taxonomy":"post_tag","embeddable":true,"href":"https:\/\/agora.xtec.cat\/escsantiagorates\/wp-json\/wp\/v2\/tags?post=4908"}],"curies":[{"name":"wp","href":"https:\/\/api.w.org\/{rel}","templated":true}]}}