{"id":4899,"date":"2025-12-16T19:40:38","date_gmt":"2025-12-16T18:40:38","guid":{"rendered":"https:\/\/agora.xtec.cat\/escsantiagorates\/?p=4899"},"modified":"2025-12-17T13:36:44","modified_gmt":"2025-12-17T12:36:44","slug":"tot-a-punt-per-la-parada-de-sise","status":"publish","type":"post","link":"https:\/\/agora.xtec.cat\/escsantiagorates\/6e\/tot-a-punt-per-la-parada-de-sise\/","title":{"rendered":"Tot a punt per la parada de sis\u00e8!"},"content":{"rendered":"<p>Ninots de Neu, el Grinch, tions, sobres sorpresa, &#8220;pinxos&#8221; de llaminadures, gots de crispetes, bra\u00e7alets, xupaxups de ninot de neu, estrelles per l&#8217;arbre de Nadal i molt m\u00e9s. Us esperem el dijous 18 de desembre pel mat\u00ed a la parada de sis\u00e8. Ah! Porteu calerons per gastar,eh?<a href=\"https:\/\/agora.xtec.cat\/escsantiagorates\/wp-content\/uploads\/usu1786\/2025\/12\/parada-scaled.jpg\"><img loading=\"lazy\" decoding=\"async\" class=\"alignnone size-large wp-image-4906\" src=\"https:\/\/agora.xtec.cat\/escsantiagorates\/wp-content\/uploads\/usu1786\/2025\/12\/parada-1024x771.jpg\" alt=\"\" width=\"1024\" height=\"771\" srcset=\"https:\/\/agora.xtec.cat\/escsantiagorates\/wp-content\/uploads\/usu1786\/2025\/12\/parada-1024x771.jpg 1024w, https:\/\/agora.xtec.cat\/escsantiagorates\/wp-content\/uploads\/usu1786\/2025\/12\/parada-300x226.jpg 300w, https:\/\/agora.xtec.cat\/escsantiagorates\/wp-content\/uploads\/usu1786\/2025\/12\/parada-768x578.jpg 768w, https:\/\/agora.xtec.cat\/escsantiagorates\/wp-content\/uploads\/usu1786\/2025\/12\/parada-1536x1157.jpg 1536w, https:\/\/agora.xtec.cat\/escsantiagorates\/wp-content\/uploads\/usu1786\/2025\/12\/parada-2048x1542.jpg 2048w, https:\/\/agora.xtec.cat\/escsantiagorates\/wp-content\/uploads\/usu1786\/2025\/12\/parada-200x150.jpg 200w\" sizes=\"auto, (max-width: 1024px) 100vw, 1024px\" \/><\/a><\/p>\n<p>&nbsp;<\/p>\n<p>&nbsp;<\/p>\n","protected":false},"excerpt":{"rendered":"<p>Ninots de Neu, el Grinch, tions, sobres sorpresa, &#8220;pinxos&#8221; de llaminadures, gots de crispetes, bra\u00e7alets, xupaxups de ninot de neu, estrelles per l&#8217;arbre de Nadal i molt m\u00e9s. Us esperem el dijous 18 de desembre pel mat\u00ed a la parada de sis\u00e8. Ah! Porteu calerons&hellip;  <a href=\"https:\/\/agora.xtec.cat\/escsantiagorates\/6e\/tot-a-punt-per-la-parada-de-sise\/\" title=\"Read Tot a punt per la parada de sis\u00e8!\">Llegeix m\u00e9s\u00bb<\/a><\/p>\n","protected":false},"author":42,"featured_media":0,"comment_status":"closed","ping_status":"closed","sticky":false,"template":"","format":"standard","meta":{"_bbp_topic_count":0,"_bbp_reply_count":0,"_bbp_total_topic_count":0,"_bbp_total_reply_count":0,"_bbp_voice_count":0,"_bbp_anonymous_reply_count":0,"_bbp_topic_count_hidden":0,"_bbp_reply_count_hidden":0,"_bbp_forum_subforum_count":0,"footnotes":""},"categories":[61],"tags":[],"class_list":["post-4899","post","type-post","status-publish","format-standard","hentry","category-6e"],"post_mailing_queue_ids":[],"_links":{"self":[{"href":"https:\/\/agora.xtec.cat\/escsantiagorates\/wp-json\/wp\/v2\/posts\/4899","targetHints":{"allow":["GET"]}}],"collection":[{"href":"https:\/\/agora.xtec.cat\/escsantiagorates\/wp-json\/wp\/v2\/posts"}],"about":[{"href":"https:\/\/agora.xtec.cat\/escsantiagorates\/wp-json\/wp\/v2\/types\/post"}],"author":[{"embeddable":true,"href":"https:\/\/agora.xtec.cat\/escsantiagorates\/wp-json\/wp\/v2\/users\/42"}],"replies":[{"embeddable":true,"href":"https:\/\/agora.xtec.cat\/escsantiagorates\/wp-json\/wp\/v2\/comments?post=4899"}],"version-history":[{"count":2,"href":"https:\/\/agora.xtec.cat\/escsantiagorates\/wp-json\/wp\/v2\/posts\/4899\/revisions"}],"predecessor-version":[{"id":4907,"href":"https:\/\/agora.xtec.cat\/escsantiagorates\/wp-json\/wp\/v2\/posts\/4899\/revisions\/4907"}],"wp:attachment":[{"href":"https:\/\/agora.xtec.cat\/escsantiagorates\/wp-json\/wp\/v2\/media?parent=4899"}],"wp:term":[{"taxonomy":"category","embeddable":true,"href":"https:\/\/agora.xtec.cat\/escsantiagorates\/wp-json\/wp\/v2\/categories?post=4899"},{"taxonomy":"post_tag","embeddable":true,"href":"https:\/\/agora.xtec.cat\/escsantiagorates\/wp-json\/wp\/v2\/tags?post=4899"}],"curies":[{"name":"wp","href":"https:\/\/api.w.org\/{rel}","templated":true}]}}