{"id":4886,"date":"2026-01-09T15:21:41","date_gmt":"2026-01-09T14:21:41","guid":{"rendered":"https:\/\/agora.xtec.cat\/escsantiagorates\/?p=4886"},"modified":"2026-01-22T11:32:55","modified_gmt":"2026-01-22T10:32:55","slug":"formacio-per-a-families","status":"publish","type":"post","link":"https:\/\/agora.xtec.cat\/escsantiagorates\/portada\/formacio-per-a-families\/","title":{"rendered":"Formaci\u00f3 per a fam\u00edlies"},"content":{"rendered":"<p><a href=\"https:\/\/agora.xtec.cat\/escsantiagorates\/wp-content\/uploads\/usu1786\/2025\/12\/Families-en-Cercle_page-0001.jpg\"><img loading=\"lazy\" decoding=\"async\" class=\"alignleft wp-image-4887 size-medium\" src=\"https:\/\/agora.xtec.cat\/escsantiagorates\/wp-content\/uploads\/usu1786\/2025\/12\/Families-en-Cercle_page-0001-212x300.jpg\" alt=\"\" width=\"212\" height=\"300\" srcset=\"https:\/\/agora.xtec.cat\/escsantiagorates\/wp-content\/uploads\/usu1786\/2025\/12\/Families-en-Cercle_page-0001-212x300.jpg 212w, https:\/\/agora.xtec.cat\/escsantiagorates\/wp-content\/uploads\/usu1786\/2025\/12\/Families-en-Cercle_page-0001-724x1024.jpg 724w, https:\/\/agora.xtec.cat\/escsantiagorates\/wp-content\/uploads\/usu1786\/2025\/12\/Families-en-Cercle_page-0001-768x1086.jpg 768w, https:\/\/agora.xtec.cat\/escsantiagorates\/wp-content\/uploads\/usu1786\/2025\/12\/Families-en-Cercle_page-0001-1086x1536.jpg 1086w, https:\/\/agora.xtec.cat\/escsantiagorates\/wp-content\/uploads\/usu1786\/2025\/12\/Families-en-Cercle_page-0001.jpg 1241w\" sizes=\"auto, (max-width: 212px) 100vw, 212px\" \/><\/a>Fam\u00edlies, comencem un taller molt especial per a fam\u00edlies<strong> TOTALMENT GRATU\u00cfT:<\/strong> \u00abFam\u00edlies en cercle\u00bb, dins el Programa de Dipsalut.<br \/>\nUn espai de 6 sessions gratu\u00eftes per reflexionar i compartir sobre la crian\u00e7a, la conviv\u00e8ncia i el vincle amb els fills i filles.<br \/>\nParlarem de:<br \/>\n&#8211; Emocions<br \/>\n&#8211; L\u00edmits i normes<br \/>\n&#8211; Autonomia<br \/>\n&#8211; Autoestima<br \/>\n&#8211; Sexualitat infantil&#8230; i molt m\u00e9s!<\/p>\n<p>Cada sessi\u00f3 va enlla\u00e7ada amb l\u2019anterior, aix\u00ed que \u00e9s molt important la vostra assist\u00e8ncia i comprom\u00eds.<\/p>\n<p><strong>I els infants d\u2019I3 a 6\u00e8? Cap problema! Faran una activitat l\u00fadica mentre vosaltres feu el taller.<\/strong><\/p>\n<p><span style=\"color: #ff0000;\"><strong>INSCRIPCIONS<\/strong><\/span>: <a href=\"https:\/\/families.dipsalut.cat\/ca\/inscripcions-families.html\">https:\/\/families.dipsalut.cat\/ca\/inscripcions-families.html.\u00a0<\/a>El termini encara \u00e9s obert.<\/p>\n","protected":false},"excerpt":{"rendered":"<p><a href=\"https:\/\/agora.xtec.cat\/escsantiagorates\/wp-content\/uploads\/usu1786\/2025\/12\/Families-en-Cercle_page-0001.jpg\"><\/a>Fam\u00edlies, comencem un taller molt especial per a fam\u00edlies TOTALMENT GRATU\u00cfT: \u00abFam\u00edlies en cercle\u00bb, dins el Programa de Dipsalut.<br \/>\nUn espai de 6 sessions gratu\u00eftes per reflexionar i compartir sobre la crian\u00e7a, la conviv\u00e8ncia i el vincle amb els fills i filles.<br \/>\nParlarem de:<br \/>\n&#8211; Emocions<br \/>\n&#8211; L\u00edmits&hellip;  <a href=\"https:\/\/agora.xtec.cat\/escsantiagorates\/portada\/formacio-per-a-families\/\" title=\"Read Formaci\u00f3 per a fam\u00edlies\">Llegeix m\u00e9s\u00bb<\/a><\/p>\n","protected":false},"author":1,"featured_media":4887,"comment_status":"closed","ping_status":"closed","sticky":false,"template":"","format":"standard","meta":{"_bbp_topic_count":0,"_bbp_reply_count":0,"_bbp_total_topic_count":0,"_bbp_total_reply_count":0,"_bbp_voice_count":0,"_bbp_anonymous_reply_count":0,"_bbp_topic_count_hidden":0,"_bbp_reply_count_hidden":0,"_bbp_forum_subforum_count":0,"footnotes":""},"categories":[4],"tags":[],"class_list":["post-4886","post","type-post","status-publish","format-standard","has-post-thumbnail","hentry","category-portada"],"post_mailing_queue_ids":[],"_links":{"self":[{"href":"https:\/\/agora.xtec.cat\/escsantiagorates\/wp-json\/wp\/v2\/posts\/4886","targetHints":{"allow":["GET"]}}],"collection":[{"href":"https:\/\/agora.xtec.cat\/escsantiagorates\/wp-json\/wp\/v2\/posts"}],"about":[{"href":"https:\/\/agora.xtec.cat\/escsantiagorates\/wp-json\/wp\/v2\/types\/post"}],"author":[{"embeddable":true,"href":"https:\/\/agora.xtec.cat\/escsantiagorates\/wp-json\/wp\/v2\/users\/1"}],"replies":[{"embeddable":true,"href":"https:\/\/agora.xtec.cat\/escsantiagorates\/wp-json\/wp\/v2\/comments?post=4886"}],"version-history":[{"count":6,"href":"https:\/\/agora.xtec.cat\/escsantiagorates\/wp-json\/wp\/v2\/posts\/4886\/revisions"}],"predecessor-version":[{"id":4966,"href":"https:\/\/agora.xtec.cat\/escsantiagorates\/wp-json\/wp\/v2\/posts\/4886\/revisions\/4966"}],"wp:featuredmedia":[{"embeddable":true,"href":"https:\/\/agora.xtec.cat\/escsantiagorates\/wp-json\/wp\/v2\/media\/4887"}],"wp:attachment":[{"href":"https:\/\/agora.xtec.cat\/escsantiagorates\/wp-json\/wp\/v2\/media?parent=4886"}],"wp:term":[{"taxonomy":"category","embeddable":true,"href":"https:\/\/agora.xtec.cat\/escsantiagorates\/wp-json\/wp\/v2\/categories?post=4886"},{"taxonomy":"post_tag","embeddable":true,"href":"https:\/\/agora.xtec.cat\/escsantiagorates\/wp-json\/wp\/v2\/tags?post=4886"}],"curies":[{"name":"wp","href":"https:\/\/api.w.org\/{rel}","templated":true}]}}