{"id":4846,"date":"2025-11-04T13:20:26","date_gmt":"2025-11-04T12:20:26","guid":{"rendered":"https:\/\/agora.xtec.cat\/escsantiagorates\/?p=4846"},"modified":"2025-11-04T13:44:54","modified_gmt":"2025-11-04T12:44:54","slug":"sortida-a-mas-ventos","status":"publish","type":"post","link":"https:\/\/agora.xtec.cat\/escsantiagorates\/5e\/sortida-a-mas-ventos\/","title":{"rendered":"SORTIDA A MAS VENT\u00d3S"},"content":{"rendered":"<p>El dilluns, 3 de novembre, els alumnes de Cicle Superior hem pujat caminant a Mas Vent\u00f3s per comen\u00e7ar a preparar la trobada amb l&#8217;escola de la Garrotxa. La pujada s&#8217;ha fet una mica feixuga, per\u00f2 les vistes han valgut la pena. La Plana de l&#8217;Empord\u00e0 \u00e9s impressionant!<\/p>\n<p>Podeu mirar les fotografies al Classroom.<\/p>\n","protected":false},"excerpt":{"rendered":"<p>El dilluns, 3 de novembre, els alumnes de Cicle Superior hem pujat caminant a Mas Vent\u00f3s per comen\u00e7ar a preparar la trobada amb l&#8217;escola de la Garrotxa. La pujada s&#8217;ha fet una mica feixuga, per\u00f2 les vistes han valgut la pena. La Plana de l&#8217;Empord\u00e0&hellip;  <a href=\"https:\/\/agora.xtec.cat\/escsantiagorates\/5e\/sortida-a-mas-ventos\/\" title=\"Read SORTIDA A MAS VENT\u00d3S\">Llegeix m\u00e9s\u00bb<\/a><\/p>\n","protected":false},"author":42,"featured_media":0,"comment_status":"closed","ping_status":"closed","sticky":false,"template":"","format":"standard","meta":{"_bbp_topic_count":0,"_bbp_reply_count":0,"_bbp_total_topic_count":0,"_bbp_total_reply_count":0,"_bbp_voice_count":0,"_bbp_anonymous_reply_count":0,"_bbp_topic_count_hidden":0,"_bbp_reply_count_hidden":0,"_bbp_forum_subforum_count":0,"footnotes":""},"categories":[60,61],"tags":[],"class_list":["post-4846","post","type-post","status-publish","format-standard","hentry","category-5e","category-6e"],"post_mailing_queue_ids":[],"_links":{"self":[{"href":"https:\/\/agora.xtec.cat\/escsantiagorates\/wp-json\/wp\/v2\/posts\/4846","targetHints":{"allow":["GET"]}}],"collection":[{"href":"https:\/\/agora.xtec.cat\/escsantiagorates\/wp-json\/wp\/v2\/posts"}],"about":[{"href":"https:\/\/agora.xtec.cat\/escsantiagorates\/wp-json\/wp\/v2\/types\/post"}],"author":[{"embeddable":true,"href":"https:\/\/agora.xtec.cat\/escsantiagorates\/wp-json\/wp\/v2\/users\/42"}],"replies":[{"embeddable":true,"href":"https:\/\/agora.xtec.cat\/escsantiagorates\/wp-json\/wp\/v2\/comments?post=4846"}],"version-history":[{"count":2,"href":"https:\/\/agora.xtec.cat\/escsantiagorates\/wp-json\/wp\/v2\/posts\/4846\/revisions"}],"predecessor-version":[{"id":4857,"href":"https:\/\/agora.xtec.cat\/escsantiagorates\/wp-json\/wp\/v2\/posts\/4846\/revisions\/4857"}],"wp:attachment":[{"href":"https:\/\/agora.xtec.cat\/escsantiagorates\/wp-json\/wp\/v2\/media?parent=4846"}],"wp:term":[{"taxonomy":"category","embeddable":true,"href":"https:\/\/agora.xtec.cat\/escsantiagorates\/wp-json\/wp\/v2\/categories?post=4846"},{"taxonomy":"post_tag","embeddable":true,"href":"https:\/\/agora.xtec.cat\/escsantiagorates\/wp-json\/wp\/v2\/tags?post=4846"}],"curies":[{"name":"wp","href":"https:\/\/api.w.org\/{rel}","templated":true}]}}