{"id":4728,"date":"2025-09-17T09:08:21","date_gmt":"2025-09-17T07:08:21","guid":{"rendered":"https:\/\/agora.xtec.cat\/escsantiagorates\/?p=4728"},"modified":"2025-10-07T14:37:22","modified_gmt":"2025-10-07T12:37:22","slug":"inici-de-curs-sise","status":"publish","type":"post","link":"https:\/\/agora.xtec.cat\/escsantiagorates\/6e\/inici-de-curs-sise\/","title":{"rendered":"INICI DE CURS SIS\u00c8"},"content":{"rendered":"<p>Els nois i noies de sis\u00e8 han confegit un mural, a la porta de la seva aula, per donar inici a un nou curs escolar. Aquest ser\u00e0 el vostre darrer curs a l&#8217;escola! A gaudir-ho b\u00e9 i aprofitar-ho al m\u00e0xim, eh?<\/p>\n<p>Benvinguts\/es a aquest nou curs escolar i molta sort a tothom!<\/p>\n<p><a href=\"https:\/\/agora.xtec.cat\/escsantiagorates\/wp-content\/uploads\/usu1786\/2025\/09\/mural-sise-1-scaled.jpg\"><img loading=\"lazy\" decoding=\"async\" class=\"alignnone size-large wp-image-4729\" src=\"https:\/\/agora.xtec.cat\/escsantiagorates\/wp-content\/uploads\/usu1786\/2025\/09\/mural-sise-1-1024x771.jpg\" alt=\"\" width=\"1024\" height=\"771\" srcset=\"https:\/\/agora.xtec.cat\/escsantiagorates\/wp-content\/uploads\/usu1786\/2025\/09\/mural-sise-1-1024x771.jpg 1024w, https:\/\/agora.xtec.cat\/escsantiagorates\/wp-content\/uploads\/usu1786\/2025\/09\/mural-sise-1-300x226.jpg 300w, https:\/\/agora.xtec.cat\/escsantiagorates\/wp-content\/uploads\/usu1786\/2025\/09\/mural-sise-1-768x578.jpg 768w, https:\/\/agora.xtec.cat\/escsantiagorates\/wp-content\/uploads\/usu1786\/2025\/09\/mural-sise-1-1536x1157.jpg 1536w, https:\/\/agora.xtec.cat\/escsantiagorates\/wp-content\/uploads\/usu1786\/2025\/09\/mural-sise-1-2048x1542.jpg 2048w, https:\/\/agora.xtec.cat\/escsantiagorates\/wp-content\/uploads\/usu1786\/2025\/09\/mural-sise-1-200x150.jpg 200w\" sizes=\"auto, (max-width: 1024px) 100vw, 1024px\" \/><\/a><\/p>\n","protected":false},"excerpt":{"rendered":"<p>Els nois i noies de sis\u00e8 han confegit un mural, a la porta de la seva aula, per donar inici a un nou curs escolar. Aquest ser\u00e0 el vostre darrer curs a l&#8217;escola! A gaudir-ho b\u00e9 i aprofitar-ho al m\u00e0xim, eh?<br \/>\nBenvinguts\/es a aquest nou curs&hellip;  <a href=\"https:\/\/agora.xtec.cat\/escsantiagorates\/6e\/inici-de-curs-sise\/\" title=\"Read INICI DE CURS SIS\u00c8\">Llegeix m\u00e9s\u00bb<\/a><\/p>\n","protected":false},"author":42,"featured_media":0,"comment_status":"closed","ping_status":"closed","sticky":false,"template":"","format":"standard","meta":{"_bbp_topic_count":0,"_bbp_reply_count":0,"_bbp_total_topic_count":0,"_bbp_total_reply_count":0,"_bbp_voice_count":0,"_bbp_anonymous_reply_count":0,"_bbp_topic_count_hidden":0,"_bbp_reply_count_hidden":0,"_bbp_forum_subforum_count":0,"footnotes":""},"categories":[61],"tags":[],"class_list":["post-4728","post","type-post","status-publish","format-standard","hentry","category-6e"],"post_mailing_queue_ids":[],"_links":{"self":[{"href":"https:\/\/agora.xtec.cat\/escsantiagorates\/wp-json\/wp\/v2\/posts\/4728","targetHints":{"allow":["GET"]}}],"collection":[{"href":"https:\/\/agora.xtec.cat\/escsantiagorates\/wp-json\/wp\/v2\/posts"}],"about":[{"href":"https:\/\/agora.xtec.cat\/escsantiagorates\/wp-json\/wp\/v2\/types\/post"}],"author":[{"embeddable":true,"href":"https:\/\/agora.xtec.cat\/escsantiagorates\/wp-json\/wp\/v2\/users\/42"}],"replies":[{"embeddable":true,"href":"https:\/\/agora.xtec.cat\/escsantiagorates\/wp-json\/wp\/v2\/comments?post=4728"}],"version-history":[{"count":2,"href":"https:\/\/agora.xtec.cat\/escsantiagorates\/wp-json\/wp\/v2\/posts\/4728\/revisions"}],"predecessor-version":[{"id":4768,"href":"https:\/\/agora.xtec.cat\/escsantiagorates\/wp-json\/wp\/v2\/posts\/4728\/revisions\/4768"}],"wp:attachment":[{"href":"https:\/\/agora.xtec.cat\/escsantiagorates\/wp-json\/wp\/v2\/media?parent=4728"}],"wp:term":[{"taxonomy":"category","embeddable":true,"href":"https:\/\/agora.xtec.cat\/escsantiagorates\/wp-json\/wp\/v2\/categories?post=4728"},{"taxonomy":"post_tag","embeddable":true,"href":"https:\/\/agora.xtec.cat\/escsantiagorates\/wp-json\/wp\/v2\/tags?post=4728"}],"curies":[{"name":"wp","href":"https:\/\/api.w.org\/{rel}","templated":true}]}}