{"id":4724,"date":"2025-09-12T15:55:39","date_gmt":"2025-09-12T13:55:39","guid":{"rendered":"https:\/\/agora.xtec.cat\/escsantiagorates\/?p=4724"},"modified":"2025-09-12T16:02:14","modified_gmt":"2025-09-12T14:02:14","slug":"setmana-europea-de-la-mobilitat-2","status":"publish","type":"post","link":"https:\/\/agora.xtec.cat\/escsantiagorates\/portada\/setmana-europea-de-la-mobilitat-2\/","title":{"rendered":"Setmana Europea de la Mobilitat"},"content":{"rendered":"<p>La setmana que ve \u00e9s la Setmana Europea de la Mobilitat per tal de potenciar els despla\u00e7aments caminant, amb patinet o bicicleta.<\/p>\n<p>De <strong>dimarts 12 al divendres, 19 de setembre,<\/strong> l&#8217;Ajuntament tallar\u00e0 el carrer de davant l&#8217;escola de les 08:20h a les 08:35h i de les 15:50h a les 16:05h. Durant aquesta estona, es donar\u00e0 pas alternatiu, als vehicles a motor, pel corriol. Degut a aix\u00f2, tot l&#8217;alumnat de Cicle Mitj\u00e0 i Superior haur\u00e0 d&#8217;entrar per la porta d&#8217;Educaci\u00f3 Infantil.\u00a0Habilitarem l&#8217;espai del pati del costat de la rampa d&#8217;entrada, com a p\u00e0rking. Cada classe tindr\u00e0 el seu p\u00e0rking.<\/p>\n<p>Us animem a venir amb els vostres fills\/es sense vehicles a motor.<\/p>\n<p><a href=\"https:\/\/agora.xtec.cat\/escsantiagorates\/wp-content\/uploads\/usu1786\/2025\/09\/Setmana-mobilitat.jpg\"><img loading=\"lazy\" decoding=\"async\" class=\"aligncenter size-medium wp-image-4725\" src=\"https:\/\/agora.xtec.cat\/escsantiagorates\/wp-content\/uploads\/usu1786\/2025\/09\/Setmana-mobilitat-300x212.jpg\" alt=\"\" width=\"300\" height=\"212\" srcset=\"https:\/\/agora.xtec.cat\/escsantiagorates\/wp-content\/uploads\/usu1786\/2025\/09\/Setmana-mobilitat-300x212.jpg 300w, https:\/\/agora.xtec.cat\/escsantiagorates\/wp-content\/uploads\/usu1786\/2025\/09\/Setmana-mobilitat-1024x724.jpg 1024w, https:\/\/agora.xtec.cat\/escsantiagorates\/wp-content\/uploads\/usu1786\/2025\/09\/Setmana-mobilitat-768x543.jpg 768w, https:\/\/agora.xtec.cat\/escsantiagorates\/wp-content\/uploads\/usu1786\/2025\/09\/Setmana-mobilitat-1536x1086.jpg 1536w, https:\/\/agora.xtec.cat\/escsantiagorates\/wp-content\/uploads\/usu1786\/2025\/09\/Setmana-mobilitat.jpg 2000w\" sizes=\"auto, (max-width: 300px) 100vw, 300px\" \/><\/a>Moltes gr\u00e0cies<\/p>\n","protected":false},"excerpt":{"rendered":"<p>La setmana que ve \u00e9s la Setmana Europea de la Mobilitat per tal de potenciar els despla\u00e7aments caminant, amb patinet o bicicleta.<br \/>\nDe dimarts 12 al divendres, 19 de setembre, l&#8217;Ajuntament tallar\u00e0 el carrer de davant l&#8217;escola de les 08:20h a les 08:35h i de les&hellip;  <a href=\"https:\/\/agora.xtec.cat\/escsantiagorates\/portada\/setmana-europea-de-la-mobilitat-2\/\" title=\"Read Setmana Europea de la Mobilitat\">Llegeix m\u00e9s\u00bb<\/a><\/p>\n","protected":false},"author":1,"featured_media":4725,"comment_status":"closed","ping_status":"closed","sticky":false,"template":"","format":"standard","meta":{"_bbp_topic_count":0,"_bbp_reply_count":0,"_bbp_total_topic_count":0,"_bbp_total_reply_count":0,"_bbp_voice_count":0,"_bbp_anonymous_reply_count":0,"_bbp_topic_count_hidden":0,"_bbp_reply_count_hidden":0,"_bbp_forum_subforum_count":0,"footnotes":""},"categories":[4],"tags":[],"class_list":["post-4724","post","type-post","status-publish","format-standard","has-post-thumbnail","hentry","category-portada"],"post_mailing_queue_ids":[],"_links":{"self":[{"href":"https:\/\/agora.xtec.cat\/escsantiagorates\/wp-json\/wp\/v2\/posts\/4724","targetHints":{"allow":["GET"]}}],"collection":[{"href":"https:\/\/agora.xtec.cat\/escsantiagorates\/wp-json\/wp\/v2\/posts"}],"about":[{"href":"https:\/\/agora.xtec.cat\/escsantiagorates\/wp-json\/wp\/v2\/types\/post"}],"author":[{"embeddable":true,"href":"https:\/\/agora.xtec.cat\/escsantiagorates\/wp-json\/wp\/v2\/users\/1"}],"replies":[{"embeddable":true,"href":"https:\/\/agora.xtec.cat\/escsantiagorates\/wp-json\/wp\/v2\/comments?post=4724"}],"version-history":[{"count":2,"href":"https:\/\/agora.xtec.cat\/escsantiagorates\/wp-json\/wp\/v2\/posts\/4724\/revisions"}],"predecessor-version":[{"id":4727,"href":"https:\/\/agora.xtec.cat\/escsantiagorates\/wp-json\/wp\/v2\/posts\/4724\/revisions\/4727"}],"wp:featuredmedia":[{"embeddable":true,"href":"https:\/\/agora.xtec.cat\/escsantiagorates\/wp-json\/wp\/v2\/media\/4725"}],"wp:attachment":[{"href":"https:\/\/agora.xtec.cat\/escsantiagorates\/wp-json\/wp\/v2\/media?parent=4724"}],"wp:term":[{"taxonomy":"category","embeddable":true,"href":"https:\/\/agora.xtec.cat\/escsantiagorates\/wp-json\/wp\/v2\/categories?post=4724"},{"taxonomy":"post_tag","embeddable":true,"href":"https:\/\/agora.xtec.cat\/escsantiagorates\/wp-json\/wp\/v2\/tags?post=4724"}],"curies":[{"name":"wp","href":"https:\/\/api.w.org\/{rel}","templated":true}]}}