{"id":4667,"date":"2025-06-19T12:55:44","date_gmt":"2025-06-19T10:55:44","guid":{"rendered":"https:\/\/agora.xtec.cat\/escsantiagorates\/?p=4667"},"modified":"2025-06-19T12:55:44","modified_gmt":"2025-06-19T10:55:44","slug":"piscina","status":"publish","type":"post","link":"https:\/\/agora.xtec.cat\/escsantiagorates\/segon\/piscina\/","title":{"rendered":"PISCINA"},"content":{"rendered":"<p>Avui, dijous 19 de juny, els nens i nenes de Cicle Inicial hem anat a passar el mat\u00ed a la piscina municipal de Vilaju\u00efga. Ha estat una sortida molt esperada per tots i totes, i l&#8217;hem gaudit al m\u00e0xim!<\/p>\n<p>Ens hem banyat, hem jugat dins i fora de l&#8217;aigua, i tamb\u00e9 hem pogut compartir estones molt divertides amb els companys i mestres. El temps ens ha acompanyat i ha estat un mat\u00ed perfecte per acomiadar el curs de manera refrescant i alegre.<\/p>\n<article class=\"text-token-text-primary w-full\" dir=\"auto\" data-testid=\"conversation-turn-4\" data-scroll-anchor=\"true\">\n<div class=\"text-base my-auto mx-auto py-5 [--thread-content-margin:--spacing(4)] @[37rem]:[--thread-content-margin:--spacing(6)] @[72rem]:[--thread-content-margin:--spacing(16)] px-(--thread-content-margin)\">\n<div class=\"[--thread-content-max-width:32rem] @[34rem]:[--thread-content-max-width:40rem] @[64rem]:[--thread-content-max-width:48rem] mx-auto flex max-w-(--thread-content-max-width) flex-1 text-base gap-4 md:gap-5 lg:gap-6 group\/turn-messages focus-visible:outline-hidden\" tabindex=\"-1\">\n<div class=\"group\/conversation-turn relative flex w-full min-w-0 flex-col agent-turn\">\n<div class=\"relative flex-col gap-1 md:gap-3\">\n<div class=\"flex max-w-full flex-col grow\">\n<div class=\"min-h-8 text-message relative flex w-full flex-col items-end gap-2 text-start break-words whitespace-normal [.text-message+&amp;]:mt-5\" dir=\"auto\" data-message-author-role=\"assistant\" data-message-id=\"5cfd4554-4149-44b9-84d2-8f3d044489b9\" data-message-model-slug=\"gpt-4o\">\n<div class=\"flex w-full flex-col gap-1 empty:hidden first:pt-[3px]\">\n<div class=\"markdown prose dark:prose-invert w-full break-words light\">\n<p data-start=\"0\" data-end=\"98\" data-is-last-node=\"\" data-is-only-node=\"\">Agra\u00efm a l\u2019Ajuntament de Vilaju\u00efga per haver obert la piscina a tots els nens i nenes de l&#8217;escola.<\/p>\n<p data-start=\"0\" data-end=\"98\" data-is-last-node=\"\" data-is-only-node=\"\">Si voleu veure totes les imatges podeu clicar <a href=\"https:\/\/drive.google.com\/drive\/folders\/1o7fKtYgIgXpckGPycPa1BAB2jCBijXBY?usp=sharing\">aqu\u00ed<\/a>.<\/p>\n<\/div>\n<\/div>\n<\/div>\n<\/div>\n<div class=\"flex min-h-[46px] justify-start\">\n<div class=\"touch:-me-2 touch:-ms-3.5 -ms-2.5 -me-1 flex flex-wrap items-center gap-y-4 p-1 select-none touch:w-[calc(100%+--spacing(3.5))] -mt-1 w-[calc(100%+--spacing(2.5))] duration-[1.5s] focus-within:transition-none hover:transition-none pointer-events-none [mask-image:linear-gradient(to_right,black_33%,transparent_66%)] [mask-size:300%_100%] [mask-position:100%_0%] motion-safe:transition-[mask-position] group-hover\/turn-messages:pointer-events-auto group-hover\/turn-messages:[mask-position:0_0] group-focus-within\/turn-messages:pointer-events-auto group-focus-within\/turn-messages:[mask-position:0_0] has-data-[state=open]:pointer-events-auto has-data-[state=open]:[mask-position:0_0]\"><\/div>\n<\/div>\n<\/div>\n<div class=\"absolute\">\n<div class=\"flex items-center justify-center\"><\/div>\n<\/div>\n<\/div>\n<\/div>\n<\/div>\n<\/article>\n<div class=\"pointer-events-none h-px w-px\" aria-hidden=\"true\" data-edge=\"true\"><\/div>\n","protected":false},"excerpt":{"rendered":"<p>Avui, dijous 19 de juny, els nens i nenes de Cicle Inicial hem anat a passar el mat\u00ed a la piscina municipal de Vilaju\u00efga. Ha estat una sortida molt esperada per tots i totes, i l&#8217;hem gaudit al m\u00e0xim!<br \/>\nEns hem banyat, hem jugat dins i&hellip;  <a href=\"https:\/\/agora.xtec.cat\/escsantiagorates\/segon\/piscina\/\" title=\"Read PISCINA\">Llegeix m\u00e9s\u00bb<\/a><\/p>\n","protected":false},"author":33,"featured_media":0,"comment_status":"open","ping_status":"open","sticky":false,"template":"","format":"standard","meta":{"_bbp_topic_count":0,"_bbp_reply_count":0,"_bbp_total_topic_count":0,"_bbp_total_reply_count":0,"_bbp_voice_count":0,"_bbp_anonymous_reply_count":0,"_bbp_topic_count_hidden":0,"_bbp_reply_count_hidden":0,"_bbp_forum_subforum_count":0,"footnotes":""},"categories":[62,64],"tags":[],"class_list":["post-4667","post","type-post","status-publish","format-standard","hentry","category-segon","category-primer-segon"],"post_mailing_queue_ids":[],"_links":{"self":[{"href":"https:\/\/agora.xtec.cat\/escsantiagorates\/wp-json\/wp\/v2\/posts\/4667","targetHints":{"allow":["GET"]}}],"collection":[{"href":"https:\/\/agora.xtec.cat\/escsantiagorates\/wp-json\/wp\/v2\/posts"}],"about":[{"href":"https:\/\/agora.xtec.cat\/escsantiagorates\/wp-json\/wp\/v2\/types\/post"}],"author":[{"embeddable":true,"href":"https:\/\/agora.xtec.cat\/escsantiagorates\/wp-json\/wp\/v2\/users\/33"}],"replies":[{"embeddable":true,"href":"https:\/\/agora.xtec.cat\/escsantiagorates\/wp-json\/wp\/v2\/comments?post=4667"}],"version-history":[{"count":1,"href":"https:\/\/agora.xtec.cat\/escsantiagorates\/wp-json\/wp\/v2\/posts\/4667\/revisions"}],"predecessor-version":[{"id":4668,"href":"https:\/\/agora.xtec.cat\/escsantiagorates\/wp-json\/wp\/v2\/posts\/4667\/revisions\/4668"}],"wp:attachment":[{"href":"https:\/\/agora.xtec.cat\/escsantiagorates\/wp-json\/wp\/v2\/media?parent=4667"}],"wp:term":[{"taxonomy":"category","embeddable":true,"href":"https:\/\/agora.xtec.cat\/escsantiagorates\/wp-json\/wp\/v2\/categories?post=4667"},{"taxonomy":"post_tag","embeddable":true,"href":"https:\/\/agora.xtec.cat\/escsantiagorates\/wp-json\/wp\/v2\/tags?post=4667"}],"curies":[{"name":"wp","href":"https:\/\/api.w.org\/{rel}","templated":true}]}}