{"id":4631,"date":"2025-05-30T22:33:09","date_gmt":"2025-05-30T20:33:09","guid":{"rendered":"https:\/\/agora.xtec.cat\/escsantiagorates\/?p=4631"},"modified":"2025-05-30T22:33:09","modified_gmt":"2025-05-30T20:33:09","slug":"lafrica-a-la-classe-de-tercer","status":"publish","type":"post","link":"https:\/\/agora.xtec.cat\/escsantiagorates\/tercer-quart\/lafrica-a-la-classe-de-tercer\/","title":{"rendered":"L&#8217;\u00c0frica a la classe de tercer"},"content":{"rendered":"<p>Dins el projecte interdisciplinar de l&#8217;escola &#8220;Qu\u00e8 \u00e9s aix\u00f2 que sona?&#8221;, l&#8217;aula de tercer va decidir con\u00e8ixer la m\u00fasica del continent afric\u00e0. A part de con\u00e8ixer la m\u00fasica i les tonades, tamb\u00e9 hem apr\u00e8s moltes coses sobre el tercer continent m\u00e9s gran del nostre planeta. Aquesta setmana, vam rebre una visita que ens ha fet con\u00e8ixer la realitat dels nens i nenes d&#8217;una poblaci\u00f3 del Senegal i d&#8217;un projecte solidari, que est\u00e0 portant a terme el Club de B\u00e0squet de Llan\u00e7\u00e0. La Jana, jugadora d&#8217;aquest club, els hi va demanar si ens podrien venir a explicar tot el que estan fent per els nens i nenes de l&#8217;escola d&#8217;aquest poble. \u00c9s aix\u00ed, que hem apr\u00e8s com s\u00f3n les escoles, a qu\u00e8 juguen els nens i nenes, quines problem\u00e0tiques tenen entre altres coses. En Jordi i en Cristofer, ens han ajudat a donar resposta a\u00a0 un munt de preguntes i curiositats que ten\u00edem. Moltes gr\u00e0cies per tot!<\/p>\n<p>&nbsp;<\/p>\n<p>&nbsp;<\/p>\n<p>&nbsp;<\/p>\n<p>&nbsp;<\/p>\n<p><a href=\"https:\/\/agora.xtec.cat\/escsantiagorates\/wp-content\/uploads\/usu1786\/2025\/05\/SDNS74861.jpg\"><img loading=\"lazy\" decoding=\"async\" class=\"alignnone  wp-image-4632\" src=\"https:\/\/agora.xtec.cat\/escsantiagorates\/wp-content\/uploads\/usu1786\/2025\/05\/SDNS74861-768x1024.jpg\" alt=\"\" width=\"351\" height=\"468\" srcset=\"https:\/\/agora.xtec.cat\/escsantiagorates\/wp-content\/uploads\/usu1786\/2025\/05\/SDNS74861-768x1024.jpg 768w, https:\/\/agora.xtec.cat\/escsantiagorates\/wp-content\/uploads\/usu1786\/2025\/05\/SDNS74861-225x300.jpg 225w, https:\/\/agora.xtec.cat\/escsantiagorates\/wp-content\/uploads\/usu1786\/2025\/05\/SDNS74861-1152x1536.jpg 1152w, https:\/\/agora.xtec.cat\/escsantiagorates\/wp-content\/uploads\/usu1786\/2025\/05\/SDNS74861.jpg 1200w\" sizes=\"auto, (max-width: 351px) 100vw, 351px\" \/><\/a><a href=\"https:\/\/agora.xtec.cat\/escsantiagorates\/wp-content\/uploads\/usu1786\/2025\/05\/samarretes-scaled.jpg\"><img loading=\"lazy\" decoding=\"async\" class=\"alignnone  wp-image-4633\" src=\"https:\/\/agora.xtec.cat\/escsantiagorates\/wp-content\/uploads\/usu1786\/2025\/05\/samarretes-1024x769.jpg\" alt=\"\" width=\"621\" height=\"466\" srcset=\"https:\/\/agora.xtec.cat\/escsantiagorates\/wp-content\/uploads\/usu1786\/2025\/05\/samarretes-1024x769.jpg 1024w, https:\/\/agora.xtec.cat\/escsantiagorates\/wp-content\/uploads\/usu1786\/2025\/05\/samarretes-300x225.jpg 300w, https:\/\/agora.xtec.cat\/escsantiagorates\/wp-content\/uploads\/usu1786\/2025\/05\/samarretes-768x577.jpg 768w, https:\/\/agora.xtec.cat\/escsantiagorates\/wp-content\/uploads\/usu1786\/2025\/05\/samarretes-1536x1154.jpg 1536w, https:\/\/agora.xtec.cat\/escsantiagorates\/wp-content\/uploads\/usu1786\/2025\/05\/samarretes-2048x1539.jpg 2048w, https:\/\/agora.xtec.cat\/escsantiagorates\/wp-content\/uploads\/usu1786\/2025\/05\/samarretes-200x150.jpg 200w\" sizes=\"auto, (max-width: 621px) 100vw, 621px\" \/><\/a><\/p>\n","protected":false},"excerpt":{"rendered":"<p>Dins el projecte interdisciplinar de l&#8217;escola &#8220;Qu\u00e8 \u00e9s aix\u00f2 que sona?&#8221;, l&#8217;aula de tercer va decidir con\u00e8ixer la m\u00fasica del continent afric\u00e0. A part de con\u00e8ixer la m\u00fasica i les tonades, tamb\u00e9 hem apr\u00e8s moltes coses sobre el tercer continent m\u00e9s gran del nostre planeta.&hellip;  <a href=\"https:\/\/agora.xtec.cat\/escsantiagorates\/tercer-quart\/lafrica-a-la-classe-de-tercer\/\" title=\"Read L&#8217;\u00c0frica a la classe de tercer\">Llegeix m\u00e9s\u00bb<\/a><\/p>\n","protected":false},"author":52,"featured_media":0,"comment_status":"open","ping_status":"closed","sticky":false,"template":"","format":"standard","meta":{"_bbp_topic_count":0,"_bbp_reply_count":0,"_bbp_total_topic_count":0,"_bbp_total_reply_count":0,"_bbp_voice_count":0,"_bbp_anonymous_reply_count":0,"_bbp_topic_count_hidden":0,"_bbp_reply_count_hidden":0,"_bbp_forum_subforum_count":0,"footnotes":""},"categories":[144],"tags":[],"class_list":["post-4631","post","type-post","status-publish","format-standard","hentry","category-tercer-quart"],"post_mailing_queue_ids":[],"_links":{"self":[{"href":"https:\/\/agora.xtec.cat\/escsantiagorates\/wp-json\/wp\/v2\/posts\/4631","targetHints":{"allow":["GET"]}}],"collection":[{"href":"https:\/\/agora.xtec.cat\/escsantiagorates\/wp-json\/wp\/v2\/posts"}],"about":[{"href":"https:\/\/agora.xtec.cat\/escsantiagorates\/wp-json\/wp\/v2\/types\/post"}],"author":[{"embeddable":true,"href":"https:\/\/agora.xtec.cat\/escsantiagorates\/wp-json\/wp\/v2\/users\/52"}],"replies":[{"embeddable":true,"href":"https:\/\/agora.xtec.cat\/escsantiagorates\/wp-json\/wp\/v2\/comments?post=4631"}],"version-history":[{"count":1,"href":"https:\/\/agora.xtec.cat\/escsantiagorates\/wp-json\/wp\/v2\/posts\/4631\/revisions"}],"predecessor-version":[{"id":4634,"href":"https:\/\/agora.xtec.cat\/escsantiagorates\/wp-json\/wp\/v2\/posts\/4631\/revisions\/4634"}],"wp:attachment":[{"href":"https:\/\/agora.xtec.cat\/escsantiagorates\/wp-json\/wp\/v2\/media?parent=4631"}],"wp:term":[{"taxonomy":"category","embeddable":true,"href":"https:\/\/agora.xtec.cat\/escsantiagorates\/wp-json\/wp\/v2\/categories?post=4631"},{"taxonomy":"post_tag","embeddable":true,"href":"https:\/\/agora.xtec.cat\/escsantiagorates\/wp-json\/wp\/v2\/tags?post=4631"}],"curies":[{"name":"wp","href":"https:\/\/api.w.org\/{rel}","templated":true}]}}